{"id":11524,"date":"2024-01-03T16:25:02","date_gmt":"2024-01-03T19:25:02","guid":{"rendered":"https:\/\/lavozpuntana.com\/?p=11524"},"modified":"2024-01-03T16:25:04","modified_gmt":"2024-01-03T19:25:04","slug":"denuncian-penalmente-a-anastasi-latini-y-ali","status":"publish","type":"post","link":"https:\/\/lavozpuntana.com\/?p=11524","title":{"rendered":"DENUNCIAN PENALMENTE A ANASTASI, LATINI Y ALI"},"content":{"rendered":"\n<figure class=\"wp-block-image size-large\"><img loading=\"lazy\" decoding=\"async\" width=\"1024\" height=\"576\" src=\"http:\/\/lavozpuntana.com\/wp-content\/uploads\/2024\/01\/WhatsApp-Image-2024-01-03-at-14.22.57-1024x576.jpeg\" alt=\"\" class=\"wp-image-11525\" srcset=\"https:\/\/lavozpuntana.com\/wp-content\/uploads\/2024\/01\/WhatsApp-Image-2024-01-03-at-14.22.57-1024x576.jpeg 1024w, https:\/\/lavozpuntana.com\/wp-content\/uploads\/2024\/01\/WhatsApp-Image-2024-01-03-at-14.22.57-300x169.jpeg 300w, https:\/\/lavozpuntana.com\/wp-content\/uploads\/2024\/01\/WhatsApp-Image-2024-01-03-at-14.22.57-768x432.jpeg 768w, https:\/\/lavozpuntana.com\/wp-content\/uploads\/2024\/01\/WhatsApp-Image-2024-01-03-at-14.22.57-1536x864.jpeg 1536w, https:\/\/lavozpuntana.com\/wp-content\/uploads\/2024\/01\/WhatsApp-Image-2024-01-03-at-14.22.57-800x450.jpeg 800w, https:\/\/lavozpuntana.com\/wp-content\/uploads\/2024\/01\/WhatsApp-Image-2024-01-03-at-14.22.57.jpeg 1599w\" sizes=\"auto, (max-width: 1024px) 100vw, 1024px\" \/><\/figure>\n\n\n\n<p><strong>La ministra de Seguridad, Nancy Sosa, accion\u00f3 contra los \u00faltimos dos funcionarios que ocuparon ese cargo en el gobierno anterior e incluy\u00f3 al intendente de La Toma porque armaron un contrato para refaccionar varias dependencias policiales de esa localidad, Anastasi y Latini le dieron cuantiosos adelantos a Ali para hacer los trabajos y nunca se hizo nada para mejorar los edificios.<\/strong><\/p>\n\n\n\n<p>La ministra de Seguridad, Nancy Sosa, interpuso una denuncia penal contra dos funcionarios de la gesti\u00f3n anterior, Luciano Anastasi y Claudio Latini, los \u00faltimos ministros de Seguridad que sirvieron en la administraci\u00f3n saliente; m\u00e1s el intendente de La Toma, Ernesto Ali. La acusaci\u00f3n es por haber cometido delitos contra la administraci\u00f3n p\u00fablica, abuso de autoridad e incumplimiento de los deberes de funcionario p\u00fablico en concurso real.<\/p>\n\n\n\n<p>Cuando Sosa asumi\u00f3 en la cartera, encarg\u00f3 una evaluaci\u00f3n de las obras y el mantenimiento de varias dependencias policiales, entre ellas las ubicadas en la ciudad de La Toma. Seg\u00fan la denuncia, se encontraron all\u00ed con \u201cuna seguidilla de contratos firmados con la Municipalidad para refaccionar y reacondicionar el destacamento del cuartel de bomberos, el sector de Criminal\u00edstica, Investigaciones y Canes y la Comisar\u00eda de la Mujer, m\u00e1s el comedor de la Unidad Regional\u201d.<\/p>\n\n\n\n<p>Lo que advirti\u00f3 el relevamiento llevado a cabo por la arquitecta Leila Vega es que \u201csi bien los anticipos de estas obras fueron abonados de manera excesiva, superando ampliamente lo establecido en dichos contratos (30%), la realidad demostr\u00f3 que jam\u00e1s se concretaron siquiera parcialmente, quedando en estado de absoluta decrepitud y abandono edilicio\u201d.<\/p>\n\n\n\n<p>Sobre Anastasi y Latini pesa la acusaci\u00f3n de ser los responsables de la contrataci\u00f3n, el pago adelantado excesivo y la falta de control de las obras. Y sobre Ali, el hecho de haber sido el contratista que no cumpli\u00f3 con los trabajos.<\/p>\n\n\n\n<p>Ante la falta de actividad, el 30 de noviembre del a\u00f1o pasado se rescindieron los contratos, obligando al Municipio a entregar la obra en el estado en el que se encontrase. El problema es que ya se hab\u00eda pagado una buena parte de los comprometido y los trabajos no avanzaron \u201csiquiera en un 1%\u201d, seg\u00fan consta en la denuncia, lo que constituye un t\u00edpico caso de fraude a la administraci\u00f3n p\u00fablica.<\/p>\n","protected":false},"excerpt":{"rendered":"<p>La ministra de Seguridad, Nancy Sosa, accion\u00f3 contra los \u00faltimos dos funcionarios que ocuparon ese cargo en el gobierno anterior e incluy\u00f3 al intendente de La Toma porque armaron un contrato para refaccionar varias dependencias policiales de esa localidad, Anastasi y Latini le dieron cuantiosos adelantos a Ali para hacer los trabajos y nunca se hizo nada para mejorar los edificios.<\/p>\n","protected":false},"author":4,"featured_media":11525,"comment_status":"closed","ping_status":"closed","sticky":false,"template":"","format":"standard","meta":{"footnotes":""},"categories":[4],"tags":[],"class_list":["post-11524","post","type-post","status-publish","format-standard","has-post-thumbnail","hentry","category-la-provincia"],"_links":{"self":[{"href":"https:\/\/lavozpuntana.com\/index.php?rest_route=\/wp\/v2\/posts\/11524","targetHints":{"allow":["GET"]}}],"collection":[{"href":"https:\/\/lavozpuntana.com\/index.php?rest_route=\/wp\/v2\/posts"}],"about":[{"href":"https:\/\/lavozpuntana.com\/index.php?rest_route=\/wp\/v2\/types\/post"}],"author":[{"embeddable":true,"href":"https:\/\/lavozpuntana.com\/index.php?rest_route=\/wp\/v2\/users\/4"}],"replies":[{"embeddable":true,"href":"https:\/\/lavozpuntana.com\/index.php?rest_route=%2Fwp%2Fv2%2Fcomments&post=11524"}],"version-history":[{"count":1,"href":"https:\/\/lavozpuntana.com\/index.php?rest_route=\/wp\/v2\/posts\/11524\/revisions"}],"predecessor-version":[{"id":11526,"href":"https:\/\/lavozpuntana.com\/index.php?rest_route=\/wp\/v2\/posts\/11524\/revisions\/11526"}],"wp:featuredmedia":[{"embeddable":true,"href":"https:\/\/lavozpuntana.com\/index.php?rest_route=\/wp\/v2\/media\/11525"}],"wp:attachment":[{"href":"https:\/\/lavozpuntana.com\/index.php?rest_route=%2Fwp%2Fv2%2Fmedia&parent=11524"}],"wp:term":[{"taxonomy":"category","embeddable":true,"href":"https:\/\/lavozpuntana.com\/index.php?rest_route=%2Fwp%2Fv2%2Fcategories&post=11524"},{"taxonomy":"post_tag","embeddable":true,"href":"https:\/\/lavozpuntana.com\/index.php?rest_route=%2Fwp%2Fv2%2Ftags&post=11524"}],"curies":[{"name":"wp","href":"https:\/\/api.w.org\/{rel}","templated":true}]}}