{"id":11530,"date":"2024-01-03T16:31:40","date_gmt":"2024-01-03T19:31:40","guid":{"rendered":"https:\/\/lavozpuntana.com\/?p=11530"},"modified":"2024-01-03T16:31:42","modified_gmt":"2024-01-03T19:31:42","slug":"la-comision-reguladora-de-energia-electrica-anulo-el-ultimo-aumento-de-tarifa-de-edesal","status":"publish","type":"post","link":"https:\/\/lavozpuntana.com\/?p=11530","title":{"rendered":"LA COMISI\u00d3N REGULADORA DE ENERG\u00cdA EL\u00c9CTRICA ANUL\u00d3 EL \u00daLTIMO AUMENTO DE TARIFA DE EDESAL"},"content":{"rendered":"\n<figure class=\"wp-block-image size-large\"><img loading=\"lazy\" decoding=\"async\" width=\"569\" height=\"319\" src=\"http:\/\/lavozpuntana.com\/wp-content\/uploads\/2024\/01\/poster_v1.jpg\" alt=\"\" class=\"wp-image-11531\" srcset=\"https:\/\/lavozpuntana.com\/wp-content\/uploads\/2024\/01\/poster_v1.jpg 569w, https:\/\/lavozpuntana.com\/wp-content\/uploads\/2024\/01\/poster_v1-300x168.jpg 300w\" sizes=\"auto, (max-width: 569px) 100vw, 569px\" \/><\/figure>\n\n\n\n<p><strong>Mediante una resoluci\u00f3n con fecha del 28 de diciembre, la nueva gesti\u00f3n de la Comisi\u00f3n Reguladora de Energ\u00eda El\u00e9ctrico decidi\u00f3 anular la resoluci\u00f3n de la gesti\u00f3n anterior, dando as\u00ed marcha atr\u00e1s con el aumento del 26% que fue otorgado a fines de noviembre, luego de la audiencia p\u00fablica celebrada en octubre, para la cual la distribuidora Edesal hab\u00eda solicitado una \u201crevisi\u00f3n tarifaria integral\u201d del 34%.<\/strong><\/p>\n\n\n\n<p>El aumento otorgado a Edesal fue inmediatamente impugnado por la Defensor\u00eda del Pueblo, la C\u00e1mara de Comercio, particulares como el ex diputado Juan Larrea y autoconvocados de distintos puntos de la provincia.<\/p>\n\n\n\n<p>En base a esto, hoy se realiz\u00f3 una conferencia de prensa, de la que participaron la C\u00e1mara de Comercio, Larrea y Carlos Jacomet, coordinador de la Defensor\u00eda del Pueblo. En la misma, Emmanuel L\u00f3pez, presidente de la C\u00e1mara de Comercio, destac\u00f3 haber \u201clogrado esto que es tan importante para el sector productivo, comercial, tur\u00edstico y para la sociedad en general\u201d y se\u00f1al\u00f3 que Edesal deber\u00eda devolver el dinero.<\/p>\n\n\n\n<p>En este sentido, la resoluci\u00f3n de la nueva gesti\u00f3n de la Comisi\u00f3n Reguladora no aclara qu\u00e9 va a ocurrir con lo que Edesal ya cobr\u00f3 de aumento. \u201cLa Comisi\u00f3n Reguladora dijo se anula todo lo actuado, pero todav\u00eda no explic\u00f3 qu\u00e9 va a hacer en el futuro. No sabemos c\u00f3mo proceder. Lo que yo entiendo que van a hacer es, en los pr\u00f3ximos d\u00edas, convocar de emergencia una audiencia p\u00fablica donde van a ofrecer un rebalanceo. O sea, no vuelve exactamente atr\u00e1s, sino quedar en alg\u00fan otro lugar que empareje un poco la situaci\u00f3n\u201d, dijo el ex legislador.<\/p>\n\n\n\n<p>Por su parte, el coordinador de la Defensor\u00eda del Pueblo record\u00f3 los puntos por los cu\u00e1les el organismo impugn\u00f3 el aumento en primer lugar. \u201cEdesal hizo un c\u00e1lculo que no existe sobre c\u00f3mo va a cobrar la nueva tarifa, que es sobre una empresa modelo. Eso fue lo que el defensor (Enrique Ponce) durante la audiencia critic\u00f3 muy fuertemente. Es decir, Edesal contrata a una consultora para hacer un estudio de los costos futuros que va a tener y para saber de qu\u00e9 manera se va a pagar la tarifa. Ellos hacen un modelo de empresa perfecta, ideal, que funciona en un mercado perfecto, que no responde a la realidad de San Luis, que no responde a la realidad que tenemos y por lo tanto nos da costos que no son los que realmente tienen que cubrirse y, por lo tanto, las tarifas que paga el usuario final no corresponde con lo que realmente es. A eso se le suma que, seg\u00fan el contrato de concesi\u00f3n, Edesal tiene que hacer la evaluaci\u00f3n de costos sobre los costos reales. No puede usar esta metodolog\u00eda de estimaci\u00f3n de costos de empresa modelo\u201d, explic\u00f3 Jacomet.<\/p>\n\n\n\n<p>El coordinador tambi\u00e9n advirti\u00f3 que hay \u201cuna grave situaci\u00f3n con el tema del endeudamiento de sectores populares en la factura de luz\u201d. \u201cCuando fue la audiencia p\u00fablica pusimos un ejemplo de una persona que ten\u00eda que pagar casi 30 mil pesos o m\u00e1s de inter\u00e9s, cuando la tarifa que pagaba era chica y estaba subsidiado. O sea, no hay planteado un plan de desendeudamiento, no est\u00e1n planteadas situaciones especiales sobre personas que viven en barrios populares o los sectores m\u00e1s vulnerables o los sectores hipervulnerabilizados. Entonces, creemos nosotros que el trabajo que hizo Edesal fue el de una empresa como cualquier otra, cuando no se ve en realidad que se est\u00e1 gestionando un servicio p\u00fablico\u201d, concluy\u00f3 Jacomet.<\/p>\n\n\n\n<p>Fuente: La Gaceta Digital.<\/p>\n","protected":false},"excerpt":{"rendered":"<p>Mediante una resoluci\u00f3n con fecha del 28 de diciembre, la nueva gesti\u00f3n de la Comisi\u00f3n Reguladora de Energ\u00eda El\u00e9ctrico decidi\u00f3 anular la resoluci\u00f3n de la gesti\u00f3n anterior, dando as\u00ed marcha atr\u00e1s con el aumento del 26% que fue otorgado a fines de noviembre, luego de la audiencia p\u00fablica celebrada en octubre, para la cual la distribuidora Edesal hab\u00eda solicitado una \u201crevisi\u00f3n tarifaria integral\u201d del 34%.<\/p>\n","protected":false},"author":4,"featured_media":11531,"comment_status":"closed","ping_status":"closed","sticky":false,"template":"","format":"standard","meta":{"footnotes":""},"categories":[4],"tags":[],"class_list":["post-11530","post","type-post","status-publish","format-standard","has-post-thumbnail","hentry","category-la-provincia"],"_links":{"self":[{"href":"https:\/\/lavozpuntana.com\/index.php?rest_route=\/wp\/v2\/posts\/11530","targetHints":{"allow":["GET"]}}],"collection":[{"href":"https:\/\/lavozpuntana.com\/index.php?rest_route=\/wp\/v2\/posts"}],"about":[{"href":"https:\/\/lavozpuntana.com\/index.php?rest_route=\/wp\/v2\/types\/post"}],"author":[{"embeddable":true,"href":"https:\/\/lavozpuntana.com\/index.php?rest_route=\/wp\/v2\/users\/4"}],"replies":[{"embeddable":true,"href":"https:\/\/lavozpuntana.com\/index.php?rest_route=%2Fwp%2Fv2%2Fcomments&post=11530"}],"version-history":[{"count":1,"href":"https:\/\/lavozpuntana.com\/index.php?rest_route=\/wp\/v2\/posts\/11530\/revisions"}],"predecessor-version":[{"id":11532,"href":"https:\/\/lavozpuntana.com\/index.php?rest_route=\/wp\/v2\/posts\/11530\/revisions\/11532"}],"wp:featuredmedia":[{"embeddable":true,"href":"https:\/\/lavozpuntana.com\/index.php?rest_route=\/wp\/v2\/media\/11531"}],"wp:attachment":[{"href":"https:\/\/lavozpuntana.com\/index.php?rest_route=%2Fwp%2Fv2%2Fmedia&parent=11530"}],"wp:term":[{"taxonomy":"category","embeddable":true,"href":"https:\/\/lavozpuntana.com\/index.php?rest_route=%2Fwp%2Fv2%2Fcategories&post=11530"},{"taxonomy":"post_tag","embeddable":true,"href":"https:\/\/lavozpuntana.com\/index.php?rest_route=%2Fwp%2Fv2%2Ftags&post=11530"}],"curies":[{"name":"wp","href":"https:\/\/api.w.org\/{rel}","templated":true}]}}