{"id":11545,"date":"2024-01-04T12:28:22","date_gmt":"2024-01-04T15:28:22","guid":{"rendered":"https:\/\/lavozpuntana.com\/?p=11545"},"modified":"2024-01-04T12:28:23","modified_gmt":"2024-01-04T15:28:23","slug":"comenzaron-a-planificar-la-llegada-de-la-gendarmeria-a-san-luis","status":"publish","type":"post","link":"https:\/\/lavozpuntana.com\/?p=11545","title":{"rendered":"COMENZARON A PLANIFICAR LA LLEGADA DE LA GENDARMER\u00cdA A SAN LUIS"},"content":{"rendered":"\n<figure class=\"wp-block-image size-large\"><img loading=\"lazy\" decoding=\"async\" width=\"577\" height=\"531\" src=\"http:\/\/lavozpuntana.com\/wp-content\/uploads\/2024\/01\/WhatsApp-Image-2024-01-04-at-10.09.43-630x840-1.jpeg\" alt=\"\" class=\"wp-image-11546\" srcset=\"https:\/\/lavozpuntana.com\/wp-content\/uploads\/2024\/01\/WhatsApp-Image-2024-01-04-at-10.09.43-630x840-1.jpeg 577w, https:\/\/lavozpuntana.com\/wp-content\/uploads\/2024\/01\/WhatsApp-Image-2024-01-04-at-10.09.43-630x840-1-300x276.jpeg 300w\" sizes=\"auto, (max-width: 577px) 100vw, 577px\" \/><\/figure>\n\n\n\n<p><strong>La ministra de Seguridad, Nancy Sosa, se reuni\u00f3 con el secretario de Seguridad de la Naci\u00f3n, Vicente Ventura Barreiro, para analizar todos los detalles del futuro desembarco de la Gendarmer\u00eda en la provincia.<\/strong><\/p>\n\n\n\n<p>El ministerio de Seguridad de San Luis y los responsables del \u00e1rea a nivel nacional ya comenzaron a ultimar detalles para facilitar la llegada de gendarmes a la provincia para ayudar en los controles, sobre todo fronterizos.<\/p>\n\n\n\n<p>\u201cVentura Barreiro me inform\u00f3 que en estos momentos hay en la fuerza un ordenamiento de los recursos humanos, ellos tambi\u00e9n est\u00e1n conociendo en qu\u00e9 condiciones est\u00e1 Gendarmer\u00eda y por supuesto que est\u00e1n planteando la estrategia a seguir y observando los despliegues que ya est\u00e1n en marcha\u201d, cont\u00f3 Nancy Sosa, la ministra de Seguridad, tras su reuni\u00f3n con el secretario a nivel nacional.<\/p>\n\n\n\n<p>La semana que viene, comenzar\u00e1 un estudio de factibilidad en la provincia. \u201cPersonal del Comando de Operaciones va a llegar a San Luis con la misi\u00f3n de evaluar qu\u00e9 lugares est\u00e1n disponibles para instalar la base operativa. A partir de este momento dependemos de los tiempos que disponga la Naci\u00f3n\u201d, concluy\u00f3 la ministro, quien advirti\u00f3 que nada es de un d\u00eda para el otro: \u201cCuando se concrete, hay que tener en cuenta que todo lleva un proceso, hay un camino largo por recorrer\u201d.<\/p>\n","protected":false},"excerpt":{"rendered":"<p>La ministra de Seguridad, Nancy Sosa, se reuni\u00f3 con el secretario de Seguridad de la Naci\u00f3n, Vicente Ventura Barreiro, para analizar todos los detalles del futuro desembarco de la Gendarmer\u00eda en la provincia.<\/p>\n","protected":false},"author":4,"featured_media":11546,"comment_status":"closed","ping_status":"closed","sticky":false,"template":"","format":"standard","meta":{"footnotes":""},"categories":[4],"tags":[],"class_list":["post-11545","post","type-post","status-publish","format-standard","has-post-thumbnail","hentry","category-la-provincia"],"_links":{"self":[{"href":"https:\/\/lavozpuntana.com\/index.php?rest_route=\/wp\/v2\/posts\/11545","targetHints":{"allow":["GET"]}}],"collection":[{"href":"https:\/\/lavozpuntana.com\/index.php?rest_route=\/wp\/v2\/posts"}],"about":[{"href":"https:\/\/lavozpuntana.com\/index.php?rest_route=\/wp\/v2\/types\/post"}],"author":[{"embeddable":true,"href":"https:\/\/lavozpuntana.com\/index.php?rest_route=\/wp\/v2\/users\/4"}],"replies":[{"embeddable":true,"href":"https:\/\/lavozpuntana.com\/index.php?rest_route=%2Fwp%2Fv2%2Fcomments&post=11545"}],"version-history":[{"count":1,"href":"https:\/\/lavozpuntana.com\/index.php?rest_route=\/wp\/v2\/posts\/11545\/revisions"}],"predecessor-version":[{"id":11547,"href":"https:\/\/lavozpuntana.com\/index.php?rest_route=\/wp\/v2\/posts\/11545\/revisions\/11547"}],"wp:featuredmedia":[{"embeddable":true,"href":"https:\/\/lavozpuntana.com\/index.php?rest_route=\/wp\/v2\/media\/11546"}],"wp:attachment":[{"href":"https:\/\/lavozpuntana.com\/index.php?rest_route=%2Fwp%2Fv2%2Fmedia&parent=11545"}],"wp:term":[{"taxonomy":"category","embeddable":true,"href":"https:\/\/lavozpuntana.com\/index.php?rest_route=%2Fwp%2Fv2%2Fcategories&post=11545"},{"taxonomy":"post_tag","embeddable":true,"href":"https:\/\/lavozpuntana.com\/index.php?rest_route=%2Fwp%2Fv2%2Ftags&post=11545"}],"curies":[{"name":"wp","href":"https:\/\/api.w.org\/{rel}","templated":true}]}}