{"id":11550,"date":"2024-01-05T14:41:38","date_gmt":"2024-01-05T17:41:38","guid":{"rendered":"https:\/\/lavozpuntana.com\/?p=11550"},"modified":"2024-01-05T14:41:40","modified_gmt":"2024-01-05T17:41:40","slug":"la-provincia-incorporo-equipamiento-para-reforzar-la-lucha-contra-el-dengue-y-otros-vectores","status":"publish","type":"post","link":"https:\/\/lavozpuntana.com\/?p=11550","title":{"rendered":"LA PROVINCIA INCORPOR\u00d3 EQUIPAMIENTO PARA REFORZAR LA LUCHA CONTRA EL DENGUE Y OTROS VECTORES"},"content":{"rendered":"\n<figure class=\"wp-block-image size-large\"><img loading=\"lazy\" decoding=\"async\" width=\"630\" height=\"420\" src=\"http:\/\/lavozpuntana.com\/wp-content\/uploads\/2024\/01\/JES_1-2-1-630x420-1.jpg\" alt=\"\" class=\"wp-image-11551\" srcset=\"https:\/\/lavozpuntana.com\/wp-content\/uploads\/2024\/01\/JES_1-2-1-630x420-1.jpg 630w, https:\/\/lavozpuntana.com\/wp-content\/uploads\/2024\/01\/JES_1-2-1-630x420-1-300x200.jpg 300w\" sizes=\"auto, (max-width: 630px) 100vw, 630px\" \/><\/figure>\n\n\n\n<p><strong>Dos agentes del Servicio Provincial de Control de Vectores viajaron este jueves a la localidad cordobesa de Santa Mar\u00eda de Punilla para traer 28 aspersores met\u00e1licos que fueron donados por la Naci\u00f3n en 2023. Los equipos, que permitir\u00e1n fortalecer las tareas de prevenci\u00f3n y control del dengue, estaban disponibles desde hace seis meses, pero no fueron retirados por la gesti\u00f3n anterior, lo que deriv\u00f3 en que algunos fueran reasignados a otras provincias.<\/strong><\/p>\n\n\n\n<p>La ministra de Salud, Claudia Spagnuolo brind\u00f3 este viernes una conferencia de prensa en la que detall\u00f3 las acciones realizadas por la Provincia en la b\u00fasqueda de equipamiento para la lucha contra el dengue y otros vectores. Explic\u00f3 que este jueves a la madrugada viajaron dos agentes del Servicio Provincial de Control de Vectores hacia el hospital de Santa Mar\u00eda de Punilla, para retirar aspersores met\u00e1licos que fueron donados por la Naci\u00f3n a mediados de 2023 y que no hab\u00edan sido retirados por la gesti\u00f3n anterior.<\/p>\n\n\n\n<p>La Ministra indic\u00f3 que para San Luis fueron asignados \u201cm\u00e1s de 30 aspersores\u201d, pero que s\u00f3lo pudieron traer 28, ya que la desidia de la gesti\u00f3n anterior a la hora de buscar el equipamiento deriv\u00f3 en que las m\u00e1quinas fueran reasignadas a otras provincias. Este equipamiento ya se encuentra en el Hospital San Luis y permitir\u00e1 fortalecer las tareas de fumigaci\u00f3n y prevenci\u00f3n.<\/p>\n\n\n\n<p>Spagnuolo remarc\u00f3 la importancia de contar con estos equipos dado que actualmente hay casos confirmados y sospechosos de dengue en la provincia. Asimismo, se\u00f1al\u00f3 que se reemplazar\u00e1n m\u00e1quinas rotas y se enviar\u00e1n nuevos equipos a localidades que no cuentan con los elementos necesarios para este tipo de fumigaci\u00f3n intradomiciliaria.<\/p>\n\n\n\n<p>En otro tramo de la conferencia, la funcionaria se refiri\u00f3 a la situaci\u00f3n epidemiol\u00f3gica de la provincia y detall\u00f3 que hay 30 casos sospechosos de dengue desde agosto hasta la fecha: 13 fueron descartados, ocho est\u00e1n en estudio, uno fue calificado como probable y ocho fueron positivos, de los cuales uno es aut\u00f3ctono, y precis\u00f3 que la paciente ya recibi\u00f3 el alta m\u00e9dica.<\/p>\n\n\n\n<p>Al finalizar el encuentro con la prensa, la Ministra comparti\u00f3 los remitos de la recepci\u00f3n de los equipos, los cuales certifican que la entrega de los aspersores se hizo este jueves por la ma\u00f1ana en el hospital de Santa Mar\u00eda de Punilla.<\/p>\n\n\n\n<p>Fuente: Agencia de Noticias.<\/p>\n","protected":false},"excerpt":{"rendered":"<p>Dos agentes del Servicio Provincial de Control de Vectores viajaron este jueves a la localidad cordobesa de Santa Mar\u00eda de Punilla para traer 28 aspersores met\u00e1licos que fueron donados por la Naci\u00f3n en 2023. Los equipos, que permitir\u00e1n fortalecer las tareas de prevenci\u00f3n y control del dengue, estaban disponibles desde hace seis meses, pero no fueron retirados por la gesti\u00f3n anterior, lo que deriv\u00f3 en que algunos fueran reasignados a otras provincias.<\/p>\n","protected":false},"author":4,"featured_media":11551,"comment_status":"closed","ping_status":"closed","sticky":false,"template":"","format":"standard","meta":{"footnotes":""},"categories":[4],"tags":[],"class_list":["post-11550","post","type-post","status-publish","format-standard","has-post-thumbnail","hentry","category-la-provincia"],"_links":{"self":[{"href":"https:\/\/lavozpuntana.com\/index.php?rest_route=\/wp\/v2\/posts\/11550","targetHints":{"allow":["GET"]}}],"collection":[{"href":"https:\/\/lavozpuntana.com\/index.php?rest_route=\/wp\/v2\/posts"}],"about":[{"href":"https:\/\/lavozpuntana.com\/index.php?rest_route=\/wp\/v2\/types\/post"}],"author":[{"embeddable":true,"href":"https:\/\/lavozpuntana.com\/index.php?rest_route=\/wp\/v2\/users\/4"}],"replies":[{"embeddable":true,"href":"https:\/\/lavozpuntana.com\/index.php?rest_route=%2Fwp%2Fv2%2Fcomments&post=11550"}],"version-history":[{"count":1,"href":"https:\/\/lavozpuntana.com\/index.php?rest_route=\/wp\/v2\/posts\/11550\/revisions"}],"predecessor-version":[{"id":11552,"href":"https:\/\/lavozpuntana.com\/index.php?rest_route=\/wp\/v2\/posts\/11550\/revisions\/11552"}],"wp:featuredmedia":[{"embeddable":true,"href":"https:\/\/lavozpuntana.com\/index.php?rest_route=\/wp\/v2\/media\/11551"}],"wp:attachment":[{"href":"https:\/\/lavozpuntana.com\/index.php?rest_route=%2Fwp%2Fv2%2Fmedia&parent=11550"}],"wp:term":[{"taxonomy":"category","embeddable":true,"href":"https:\/\/lavozpuntana.com\/index.php?rest_route=%2Fwp%2Fv2%2Fcategories&post=11550"},{"taxonomy":"post_tag","embeddable":true,"href":"https:\/\/lavozpuntana.com\/index.php?rest_route=%2Fwp%2Fv2%2Ftags&post=11550"}],"curies":[{"name":"wp","href":"https:\/\/api.w.org\/{rel}","templated":true}]}}