{"id":11599,"date":"2024-01-10T16:25:47","date_gmt":"2024-01-10T19:25:47","guid":{"rendered":"https:\/\/lavozpuntana.com\/?p=11599"},"modified":"2024-01-10T16:25:51","modified_gmt":"2024-01-10T19:25:51","slug":"ecuador-esta-en-guerra-con-las-bandas-criminales-aseguro-el-presidente-noboa","status":"publish","type":"post","link":"https:\/\/lavozpuntana.com\/?p=11599","title":{"rendered":"ECUADOR EST\u00c1 EN GUERRA CON LAS BANDAS CRIMINALES, ASEGUR\u00d3 EL PRESIDENTE NOBOA"},"content":{"rendered":"\n<figure class=\"wp-block-image size-large\"><img loading=\"lazy\" decoding=\"async\" width=\"1024\" height=\"576\" src=\"http:\/\/lavozpuntana.com\/wp-content\/uploads\/2024\/01\/f.elconfidencial.com_original_147_91d_cf6_14791dcf62706c01d719c3385b237c34-1024x576.jpg\" alt=\"\" class=\"wp-image-11600\" srcset=\"https:\/\/lavozpuntana.com\/wp-content\/uploads\/2024\/01\/f.elconfidencial.com_original_147_91d_cf6_14791dcf62706c01d719c3385b237c34-1024x576.jpg 1024w, https:\/\/lavozpuntana.com\/wp-content\/uploads\/2024\/01\/f.elconfidencial.com_original_147_91d_cf6_14791dcf62706c01d719c3385b237c34-300x169.jpg 300w, https:\/\/lavozpuntana.com\/wp-content\/uploads\/2024\/01\/f.elconfidencial.com_original_147_91d_cf6_14791dcf62706c01d719c3385b237c34-768x432.jpg 768w, https:\/\/lavozpuntana.com\/wp-content\/uploads\/2024\/01\/f.elconfidencial.com_original_147_91d_cf6_14791dcf62706c01d719c3385b237c34-800x450.jpg 800w, https:\/\/lavozpuntana.com\/wp-content\/uploads\/2024\/01\/f.elconfidencial.com_original_147_91d_cf6_14791dcf62706c01d719c3385b237c34.jpg 1200w\" sizes=\"auto, (max-width: 1024px) 100vw, 1024px\" \/><\/figure>\n\n\n\n<p><strong>El jefe de Estado nombr\u00f3 a 22 grupos delictivos como organizaciones terroristas y las convirti\u00f3, en consecuencia, en objetivos militares oficiales.<\/strong><\/p>\n\n\n\n<p>El presidente de Ecuador, Daniel Noboa, asegur\u00f3 que ese pa\u00eds se encuentra en \u201cestado de guerra\u201d contra bandas criminales que operan en ese pa\u00eds, donde m\u00e1s de 130 guardias penitenciarios y otro personal segu\u00edan retenidos el mi\u00e9rcoles por reclusos en al menos cinco c\u00e1rceles, en una escalada de violencia que comenz\u00f3 el fin de semana.<\/p>\n\n\n\n<p>Noboa, quien asumi\u00f3 el cargo en noviembre con la promesa de combatir la violencia del narcotr\u00e1fico, nombr\u00f3 el martes a 22 grupos delictivos como organizaciones terroristas, convirti\u00e9ndolas en objetivos militares oficiales.<\/p>\n\n\n\n<p>\u00abEstamos en un estado de guerra y no podemos ceder ante estos grupos terroristas\u00bb, dijo Noboa a la radio Canela.<\/p>\n\n\n\n<p>La retenci\u00f3n de los agentes penitenciarios, que comenz\u00f3 en las primeras horas del lunes, y el aparente escape de prisi\u00f3n el fin de semana del l\u00edder de la banda de Los Choneros, Adolfo Mac\u00edas, llevaron a Noboa a declarar un estado de emergencia por 60 d\u00edas, incluido un toque de queda nocturno.<\/p>\n\n\n\n<p>El mandatario endureci\u00f3 el decreto el martes, tras una serie de explosiones en todo el pa\u00eds y la toma violenta de una estaci\u00f3n de televisi\u00f3n por hombres armados en medio de la transmisi\u00f3n en vivo, declarando un \u00abconflicto armado interno\u00bb.<\/p>\n\n\n\n<p>El Gobierno dijo que la violencia es una reacci\u00f3n al plan de Noboa de construir prisiones de alta seguridad y trasladar a los l\u00edderes de bandas delictivas encarcelados, en tanto que el mandatario dijo a la radio que el jueves dar\u00e1 detalles de las dos nuevas instalaciones.<\/p>\n\n\n\n<p>\u00abEstamos haciendo todo el esfuerzo para recuperar a todos los rehenes y no vamos a ceder\u00bb, explic\u00f3 Noboa, y dijo que las Fuerzas Armadas se han hecho cargo de las tareas de rescate. \u201cEstamos haciendo lo posible y lo imposible para traerlos a todos sanos y salvos\u201d, indic\u00f3 el jefe de Estado.<\/p>\n\n\n\n<p>La agencia penitenciaria SNAI dijo el martes en un comunicado que 11 hab\u00edan sido liberados. Agreg\u00f3 que 125 de los retenidos son guardias y 14 son personal administrativo.<\/p>\n\n\n\n<p>Fuente: Noticias Argentinas.<\/p>\n","protected":false},"excerpt":{"rendered":"<p>El jefe de Estado nombr\u00f3 a 22 grupos delictivos como organizaciones terroristas y las convirti\u00f3, en consecuencia, en objetivos militares oficiales.<\/p>\n","protected":false},"author":4,"featured_media":11600,"comment_status":"closed","ping_status":"closed","sticky":false,"template":"","format":"standard","meta":{"footnotes":""},"categories":[6],"tags":[],"class_list":["post-11599","post","type-post","status-publish","format-standard","has-post-thumbnail","hentry","category-el-mundo"],"_links":{"self":[{"href":"https:\/\/lavozpuntana.com\/index.php?rest_route=\/wp\/v2\/posts\/11599","targetHints":{"allow":["GET"]}}],"collection":[{"href":"https:\/\/lavozpuntana.com\/index.php?rest_route=\/wp\/v2\/posts"}],"about":[{"href":"https:\/\/lavozpuntana.com\/index.php?rest_route=\/wp\/v2\/types\/post"}],"author":[{"embeddable":true,"href":"https:\/\/lavozpuntana.com\/index.php?rest_route=\/wp\/v2\/users\/4"}],"replies":[{"embeddable":true,"href":"https:\/\/lavozpuntana.com\/index.php?rest_route=%2Fwp%2Fv2%2Fcomments&post=11599"}],"version-history":[{"count":1,"href":"https:\/\/lavozpuntana.com\/index.php?rest_route=\/wp\/v2\/posts\/11599\/revisions"}],"predecessor-version":[{"id":11601,"href":"https:\/\/lavozpuntana.com\/index.php?rest_route=\/wp\/v2\/posts\/11599\/revisions\/11601"}],"wp:featuredmedia":[{"embeddable":true,"href":"https:\/\/lavozpuntana.com\/index.php?rest_route=\/wp\/v2\/media\/11600"}],"wp:attachment":[{"href":"https:\/\/lavozpuntana.com\/index.php?rest_route=%2Fwp%2Fv2%2Fmedia&parent=11599"}],"wp:term":[{"taxonomy":"category","embeddable":true,"href":"https:\/\/lavozpuntana.com\/index.php?rest_route=%2Fwp%2Fv2%2Fcategories&post=11599"},{"taxonomy":"post_tag","embeddable":true,"href":"https:\/\/lavozpuntana.com\/index.php?rest_route=%2Fwp%2Fv2%2Ftags&post=11599"}],"curies":[{"name":"wp","href":"https:\/\/api.w.org\/{rel}","templated":true}]}}