{"id":11602,"date":"2024-01-11T00:49:20","date_gmt":"2024-01-11T03:49:20","guid":{"rendered":"https:\/\/lavozpuntana.com\/?p=11602"},"modified":"2024-01-11T00:49:23","modified_gmt":"2024-01-11T03:49:23","slug":"el-gobernador-recibio-en-terrazas-al-intendente-gaston-hissa","status":"publish","type":"post","link":"https:\/\/lavozpuntana.com\/?p=11602","title":{"rendered":"EL GOBERNADOR RECIBI\u00d3 EN TERRAZAS AL INTENDENTE GAST\u00d3N HISSA"},"content":{"rendered":"\n<figure class=\"wp-block-image size-large\"><img loading=\"lazy\" decoding=\"async\" width=\"1024\" height=\"681\" src=\"http:\/\/lavozpuntana.com\/wp-content\/uploads\/2024\/01\/LGG_7903-1024x681.jpg\" alt=\"\" class=\"wp-image-11603\" srcset=\"https:\/\/lavozpuntana.com\/wp-content\/uploads\/2024\/01\/LGG_7903-1024x681.jpg 1024w, https:\/\/lavozpuntana.com\/wp-content\/uploads\/2024\/01\/LGG_7903-300x200.jpg 300w, https:\/\/lavozpuntana.com\/wp-content\/uploads\/2024\/01\/LGG_7903-768x511.jpg 768w, https:\/\/lavozpuntana.com\/wp-content\/uploads\/2024\/01\/LGG_7903.jpg 1500w\" sizes=\"auto, (max-width: 1024px) 100vw, 1024px\" \/><\/figure>\n\n\n\n<p><strong>Se trat\u00f3 del primer encuentro institucional entre el intendente de la ciudad y el Gobernador de San Luis. Durante la reuni\u00f3n, Hissa en compa\u00f1\u00eda de parte de su equipo de trabajo, le inform\u00f3 a Claudio Poggi el estado en el que encontr\u00f3 el municipio y la deplorable situaci\u00f3n financiera que hered\u00f3 de la gesti\u00f3n anterior. Acordaron acciones conjuntas pensadas para el beneficio del ciudadano.<\/strong><\/p>\n\n\n\n<p>Al finalizar el encuentro, el Intendente remarc\u00f3 que le solicit\u00f3 una audiencia al Gobernador a fin de poder comentarle e informarle \u201cde la situaci\u00f3n en la cual nos encontramos y en la cual recibimos las finanzas, la situaci\u00f3n de los servicios p\u00fablicos, lo relacionado al Parque Automotor en el municipio capitalino\u201d, explic\u00f3 el edil.<\/p>\n\n\n\n<p>Adem\u00e1s, remarc\u00f3 que se trat\u00f3 de la primera reuni\u00f3n institucional \u201cen donde hemos intercambiado tambi\u00e9n con parte de ambos equipos, tanto de la Municipalidad como del Gobierno de la Provincia\u201d.<\/p>\n\n\n\n<p>En esta misma l\u00ednea dijo: \u201cHa sido muy fruct\u00edfera la reuni\u00f3n porque, bueno, claramente somos del mismo equipo, hemos quedado en abordar trabajos en conjunto que tienen que ver con las distintas \u00e1reas, siempre, por supuesto, cuidando la competencia tanto provincia y municipio, pero s\u00ed un trabajo en conjunto en los distintos barrios de la ciudad de San Luis\u201d, sostuvo.<\/p>\n\n\n\n<p>Consultado sobre la \u201csituaci\u00f3n calamitosa\u201d en la que encontr\u00f3 a el Municipio, el Intendente inform\u00f3 que a trav\u00e9s de un powerpoint y tambi\u00e9n con fotos \u201cilustr\u00e9 lo que encontramos porque el vecino puede encontrar muchas deficiencias en estos d\u00edas en la prestaci\u00f3n de los servicios b\u00e1sicos y eso se debe tambi\u00e9n al descalabro, al desguace, a esta falta de gesti\u00f3n que ha tenido el intendente Tamayo con todo su equipo, que repercute en la prestaci\u00f3n de servicios por estos d\u00edas\u201d, aclar\u00f3.<\/p>\n\n\n\n<p>Fuente: Agencia de Noticias.<\/p>\n","protected":false},"excerpt":{"rendered":"<p>Se trat\u00f3 del primer encuentro institucional entre el intendente de la ciudad y el Gobernador de San Luis. Durante la reuni\u00f3n, Hissa en compa\u00f1\u00eda de parte de su equipo de trabajo, le inform\u00f3 a Claudio Poggi el estado en el que encontr\u00f3 el municipio y la deplorable situaci\u00f3n financiera que hered\u00f3 de la gesti\u00f3n anterior. Acordaron acciones conjuntas pensadas para el beneficio del ciudadano.<\/p>\n","protected":false},"author":4,"featured_media":11603,"comment_status":"closed","ping_status":"closed","sticky":false,"template":"","format":"standard","meta":{"footnotes":""},"categories":[4],"tags":[],"class_list":["post-11602","post","type-post","status-publish","format-standard","has-post-thumbnail","hentry","category-la-provincia"],"_links":{"self":[{"href":"https:\/\/lavozpuntana.com\/index.php?rest_route=\/wp\/v2\/posts\/11602","targetHints":{"allow":["GET"]}}],"collection":[{"href":"https:\/\/lavozpuntana.com\/index.php?rest_route=\/wp\/v2\/posts"}],"about":[{"href":"https:\/\/lavozpuntana.com\/index.php?rest_route=\/wp\/v2\/types\/post"}],"author":[{"embeddable":true,"href":"https:\/\/lavozpuntana.com\/index.php?rest_route=\/wp\/v2\/users\/4"}],"replies":[{"embeddable":true,"href":"https:\/\/lavozpuntana.com\/index.php?rest_route=%2Fwp%2Fv2%2Fcomments&post=11602"}],"version-history":[{"count":1,"href":"https:\/\/lavozpuntana.com\/index.php?rest_route=\/wp\/v2\/posts\/11602\/revisions"}],"predecessor-version":[{"id":11604,"href":"https:\/\/lavozpuntana.com\/index.php?rest_route=\/wp\/v2\/posts\/11602\/revisions\/11604"}],"wp:featuredmedia":[{"embeddable":true,"href":"https:\/\/lavozpuntana.com\/index.php?rest_route=\/wp\/v2\/media\/11603"}],"wp:attachment":[{"href":"https:\/\/lavozpuntana.com\/index.php?rest_route=%2Fwp%2Fv2%2Fmedia&parent=11602"}],"wp:term":[{"taxonomy":"category","embeddable":true,"href":"https:\/\/lavozpuntana.com\/index.php?rest_route=%2Fwp%2Fv2%2Fcategories&post=11602"},{"taxonomy":"post_tag","embeddable":true,"href":"https:\/\/lavozpuntana.com\/index.php?rest_route=%2Fwp%2Fv2%2Ftags&post=11602"}],"curies":[{"name":"wp","href":"https:\/\/api.w.org\/{rel}","templated":true}]}}