{"id":11614,"date":"2024-01-12T00:25:06","date_gmt":"2024-01-12T03:25:06","guid":{"rendered":"https:\/\/lavozpuntana.com\/?p=11614"},"modified":"2024-01-12T00:25:09","modified_gmt":"2024-01-12T03:25:09","slug":"el-gobernador-confirmo-que-villa-mercedes-sera-la-capital-alterna-de-la-provincia","status":"publish","type":"post","link":"https:\/\/lavozpuntana.com\/?p=11614","title":{"rendered":"EL GOBERNADOR CONFIRM\u00d3 QUE VILLA MERCEDES SER\u00c1 LA CAPITAL ALTERNA DE LA PROVINCIA"},"content":{"rendered":"\n<figure class=\"wp-block-image size-large\"><img loading=\"lazy\" decoding=\"async\" width=\"1024\" height=\"659\" src=\"http:\/\/lavozpuntana.com\/wp-content\/uploads\/2024\/01\/TIN_8513-1024x659.jpg\" alt=\"\" class=\"wp-image-11615\" srcset=\"https:\/\/lavozpuntana.com\/wp-content\/uploads\/2024\/01\/TIN_8513-1024x659.jpg 1024w, https:\/\/lavozpuntana.com\/wp-content\/uploads\/2024\/01\/TIN_8513-300x193.jpg 300w, https:\/\/lavozpuntana.com\/wp-content\/uploads\/2024\/01\/TIN_8513-768x495.jpg 768w, https:\/\/lavozpuntana.com\/wp-content\/uploads\/2024\/01\/TIN_8513.jpg 1399w\" sizes=\"auto, (max-width: 1024px) 100vw, 1024px\" \/><\/figure>\n\n\n\n<p><strong>Claudio Poggi cumpli\u00f3 con la visita de este jueves a Villa Mercedes, su promesa de que esta ciudad sea la sede de Gobierno una vez a la semana. Piensa habilitar un espacio en La Pedrera para tener sus audiencias.<\/strong><\/p>\n\n\n\n<p>De muy buen humor y feliz por la respuesta de la gente, que no par\u00f3 de sacarse fotos y chocar sus manos con \u00e9l. El gobernador, Claudio Poggi, hizo su primera visita oficial a Villa Mercedes, donde cumpliendo con su promesa de campa\u00f1a, va a establecer la capital alterna una vez por semana.<\/p>\n\n\n\n<p>\u201cQuer\u00eda visitar La Pedrera, que no la conoc\u00eda. Quiz\u00e1 pongamos la sede de la gobernaci\u00f3n aqu\u00ed, lo que hac\u00edamos antes en el Centro C\u00edvico. Vamos a inaugurar un espacio chico para mis audiencias. Villa Mercedes va a ser capital alterna de la provincia. Si bien no tiene el rango legal, en los hechos va a ser as\u00ed\u201d, asegur\u00f3 el primer mandatario provincial, quien se llev\u00f3 el saludo, el afecto y cartas de los vecinos que lo esperaban. \u201cHay una expectativa de que las soluciones van a llegar. Lo peor es la indiferencia. Si uno se lleva muchos sue\u00f1os transcriptos en una carta, eso nos permite analizar los problemas y generar las soluciones\u201d, expres\u00f3.<\/p>\n\n\n\n<p>La UPrO, a la cabeza de la formaci\u00f3n en oficios<\/p>\n\n\n\n<p>En conferencia de prensa, Poggi cont\u00f3 que el rector de la UPrO, Rudy C\u00e1mera, le cont\u00f3 cu\u00e1les son las iniciativas para este a\u00f1o en la instituci\u00f3n educativa que cre\u00f3 en su gesti\u00f3n anterior. \u201cEstas 12 manzanas tienen que ser un polo educativo en el centro, bien puesto. Es algo que fundamos hace 10 a\u00f1os y tiene un gran futuro. Hay que promover la ense\u00f1anza de oficios, de carreras cortas, satisfacer la demanda laboral urbana, agropecuaria, rural\u201d, dijo.<\/p>\n\n\n\n<p>A diferencia de otros espacios, \u201cla UPrO se mantuvo, no la destruyeron\u201d, refiri\u00f3 el Gobernador. \u201cEs bueno eso, dado la destrucci\u00f3n en otros \u00e1mbitos. Es una universidad que une los oficios con el mundo laboral. Tiene que estar ligada a la demanda del ciudadano. Hay que ense\u00f1ar lo que las empresas necesitan en cada zona. Hay que escuchar al sector privado para ver los rubros y demandas de trabajadores y en funci\u00f3n de eso dise\u00f1ar las carreras del futuro\u201d, acot\u00f3.<\/p>\n\n\n\n<p>Caso San Luis FC: \u201cVoy a defender los intereses y los fondos de los sanluise\u00f1os\u201d<\/p>\n\n\n\n<p>Era inevitable que a Poggi lo consultaran por la intervenci\u00f3n del San Luis FC, que tiene en vilo tambi\u00e9n a los otros clubes que compiten en el \u00e1mbito de la AFA. \u201cEl Estado intervino un club porque detect\u00f3 irregularidades. Coincidi\u00f3 que la presidenta era secretaria de Deporte, que hab\u00eda dado $300 millones de todos los sanluise\u00f1os. Las irregularidades de la conducci\u00f3n, no de las chicas que juegan a la pelota, motivaron la intervenci\u00f3n de Personas Jur\u00eddicas. Es obligaci\u00f3n del Estado hacerlo en estos casos\u201d, coment\u00f3 el primer mandatario. Y describi\u00f3 la situaci\u00f3n: \u201cHubo una intimaci\u00f3n de la AFA. Esperemos que llegar a un punto de encuentro, tienen que saber que un club no se normaliza en una semana. Ojal\u00e1 puedan participar los clubes de San Luis en sus torneos, desde ya aclaro que no va a ser una intervenci\u00f3n eterna. Hay un antecedente de Estudiantes, que estuvo intervenido casi dos a\u00f1os por la exdiputada, Ivana Bianchi, y particip\u00f3 igual de los campeonatos de la AFA. Primero voy a defender los fondos p\u00fablicos de San Luis. El club fue correctamente intervenido\u201d, cerr\u00f3.<\/p>\n\n\n\n<p>Efectos de la corrupci\u00f3n: \u201cHay fugas de dinero que era de la gente\u201d<\/p>\n\n\n\n<p>Para el Gobernador, el desdoblamiento del sueldo de los empleados estatales de diciembre fue algo \u201cdoloroso\u201d, una consecuencia de la mala administraci\u00f3n y la corrupci\u00f3n en la gesti\u00f3n de Alberto Rodr\u00edguez Sa\u00e1. \u201cAyer reci\u00e9n terminamos de pagar los sueldos de diciembre. Ten\u00edamos que ver d\u00f3nde se iba la plata, eran fugas de fondos que no iban a la gente. Nos falta encontrar el 70 % de esos huequitos. La secretar\u00eda de Deporte recibi\u00f3 el a\u00f1o pasado muchos millones. Tratamos de ver d\u00f3nde fueron. Todos so\u00f1aban con el ente propio, el combustible propio. Era un descontrol. Hay que ordenarlo, son fondos p\u00fablicos. Me votaron para eso\u201d, dijo.<\/p>\n\n\n\n<p>Sin transici\u00f3n, los equipos que asumieron el 10 de diciembre \u00faltimo en las secretar\u00edas y ministerios debieron tomarse algunos d\u00edas para conocer el estado de situaci\u00f3n. \u201cVamos a impulsar una ley que imponga esa transici\u00f3n. Nos encontramos en rojo\u201d, dijo al respecto de los grandes desembolsos de dinero que se hicieron en los d\u00edas previos a la asunci\u00f3n de las nuevas autoridades. \u201cEst\u00e1 todo en investigaci\u00f3n judicial. Sospecho que hubo muchas irregularidades\u201d, manifest\u00f3.<\/p>\n\n\n\n<p>Salud y educaci\u00f3n: \u201cHay un 10% de las escuelas con problemas para iniciar las clases\u201d<\/p>\n\n\n\n<p>El Policl\u00ednico \u2018Juan Domingo Per\u00f3n\u2019 es una muestra de la pesada herencia recibida de la gesti\u00f3n precedente en materia de infraestructura en edificios p\u00fablicos: est\u00e1 en deplorable estado y necesita urgentes reparaciones para brindar el mejor servicio de salud a la ciudadan\u00eda. Las escuelas tambi\u00e9n son prioridad: muchas est\u00e1n en malas condiciones, por la falta de inversi\u00f3n en obras y mantenimiento por parte del gobierno anterior, y necesitan refacciones de cara al inicio de clases el mes que viene. \u201cDe esta conferencia me voy a ver el policl\u00ednico \u2018Juan Domingo Per\u00f3n\u2019, que est\u00e1 bastante roto. Veremos qu\u00e9 infraestructura hay que rehacer. Tambi\u00e9n iniciaremos un plan de mantenimiento b\u00e1sico para pensar en el comienzo de clases. Hay que ponerse en campa\u00f1a para arreglar las escuelas. En general, en la provincia, hay un 10% que tiene problemas para comenzar las clases. Otras son chicas, faltan aulas. Lo programaremos con tiempo. Pero primero lo primero: cloacas, techos, mantenimiento. Estamos abocados a poner en condiciones aquellas en las que no se pod\u00eda dar clases\u201d, dijo, al tiempo que confirm\u00f3 que conocer\u00e1 las escuelas generativas y que ser\u00e1n parte del sistema educativo provincial.<\/p>\n\n\n\n<p>El panorama nacional: \u201cEl pa\u00eds tiene que volver al equilibrio fiscal y San Luis tambi\u00e9n\u201d<\/p>\n\n\n\n<p>Poggi tambi\u00e9n hizo menci\u00f3n a la situaci\u00f3n del pa\u00eds, con un presidente que asumi\u00f3 el mismo d\u00eda que \u00e9l. \u201cHay un debate interesante en el Congreso (por la llamada \u2018Ley \u00d3mnibus\u2019). Milei fue votado por la inmensa mayor\u00eda, dijo de entrada qu\u00e9 quer\u00eda hacer y lo est\u00e1 haciendo. El pa\u00eds tiene que volver a un equilibrio fiscal, no se puede gastar m\u00e1s de lo que ingresa, en eso coincido plenamente. Hay que arreglar las cuentas\u201d, consider\u00f3 el Gobernador, y aprovech\u00f3 la referencia para volver sobre la situaci\u00f3n provincial. Dijo que hay di\u00e1logo con los sindicatos y que les ha pedido comprensi\u00f3n, porque es un momento dif\u00edcil. \u201cSi no ten\u00e9s (dinero, recursos), no ten\u00e9s. La Provincia no quiere aumentar impuestos, ni tampoco emite billetes. Tenemos que ordenarnos por los propios medios. No hay nada peor que tener d\u00e9ficit, se perjudican las escuelas, los hospitales. Hay que encontrar puntos comunes\u201d, consider\u00f3.<\/p>\n\n\n\n<p>Para abordar la emergencia econ\u00f3mica, el Gobernador envi\u00f3 a la Legislatura un proyecto de ley para convocar a sesiones extraordinarias. \u201cEstamos en rojo. Necesito que se puedan reunir y autorizarme a tomar un cr\u00e9dito al Banco de la Naci\u00f3n Argentina. Un mes de haberes, para pagar en tiempo y forma enero\u201d, explic\u00f3, y aclar\u00f3 que no se ha planteado, al menos por ahora, la utilizaci\u00f3n de cuasimonedas. \u201cPodr\u00eda ser una virtual, pero no deja de ser una toma de deuda\u201d, dijo.<\/p>\n\n\n\n<p>Censo: \u201cHay gente que no estaba en el pa\u00eds, no iba a trabajar\u201d<\/p>\n\n\n\n<p>Sobre el censo que la nueva gesti\u00f3n hizo para conocer el estado de situaci\u00f3n de los empleados p\u00fablicos y beneficiarios del Plan de Inclusi\u00f3n Social, el Gobernador dijo que \u201cparece algo grosero, pero hubo que hacerlo. Hay gente que no estaba en el pa\u00eds, que no iba a trabajar, que aparecieron ese d\u00eda. Con los beneficiarios de planes tambi\u00e9n detectamos m\u00e1s de 200 personas de otras provincias, fallecidos que cobraron hasta noviembre. Hay un desorden en ese tema. Muchos vinieron de otras provincias, se censaron y volvieron a sus lugares\u201d, cont\u00f3.<\/p>\n\n\n\n<p>Fuente: Agencia de Noticias.<\/p>\n","protected":false},"excerpt":{"rendered":"<p>Claudio Poggi cumpli\u00f3 con la visita de este jueves a Villa Mercedes, su promesa de que esta ciudad sea la sede de Gobierno una vez a la semana. Piensa habilitar un espacio en La Pedrera para tener sus audiencias.<\/p>\n","protected":false},"author":4,"featured_media":11615,"comment_status":"closed","ping_status":"closed","sticky":false,"template":"","format":"standard","meta":{"footnotes":""},"categories":[4],"tags":[],"class_list":["post-11614","post","type-post","status-publish","format-standard","has-post-thumbnail","hentry","category-la-provincia"],"_links":{"self":[{"href":"https:\/\/lavozpuntana.com\/index.php?rest_route=\/wp\/v2\/posts\/11614","targetHints":{"allow":["GET"]}}],"collection":[{"href":"https:\/\/lavozpuntana.com\/index.php?rest_route=\/wp\/v2\/posts"}],"about":[{"href":"https:\/\/lavozpuntana.com\/index.php?rest_route=\/wp\/v2\/types\/post"}],"author":[{"embeddable":true,"href":"https:\/\/lavozpuntana.com\/index.php?rest_route=\/wp\/v2\/users\/4"}],"replies":[{"embeddable":true,"href":"https:\/\/lavozpuntana.com\/index.php?rest_route=%2Fwp%2Fv2%2Fcomments&post=11614"}],"version-history":[{"count":1,"href":"https:\/\/lavozpuntana.com\/index.php?rest_route=\/wp\/v2\/posts\/11614\/revisions"}],"predecessor-version":[{"id":11616,"href":"https:\/\/lavozpuntana.com\/index.php?rest_route=\/wp\/v2\/posts\/11614\/revisions\/11616"}],"wp:featuredmedia":[{"embeddable":true,"href":"https:\/\/lavozpuntana.com\/index.php?rest_route=\/wp\/v2\/media\/11615"}],"wp:attachment":[{"href":"https:\/\/lavozpuntana.com\/index.php?rest_route=%2Fwp%2Fv2%2Fmedia&parent=11614"}],"wp:term":[{"taxonomy":"category","embeddable":true,"href":"https:\/\/lavozpuntana.com\/index.php?rest_route=%2Fwp%2Fv2%2Fcategories&post=11614"},{"taxonomy":"post_tag","embeddable":true,"href":"https:\/\/lavozpuntana.com\/index.php?rest_route=%2Fwp%2Fv2%2Ftags&post=11614"}],"curies":[{"name":"wp","href":"https:\/\/api.w.org\/{rel}","templated":true}]}}