{"id":11658,"date":"2024-01-16T09:12:33","date_gmt":"2024-01-16T12:12:33","guid":{"rendered":"https:\/\/lavozpuntana.com\/?p=11658"},"modified":"2024-01-16T09:12:38","modified_gmt":"2024-01-16T12:12:38","slug":"solicitan-a-la-poblacion-intensificar-los-cuidados-ante-el-aumento-de-casos-de-gastroenteritis-y-dengue","status":"publish","type":"post","link":"https:\/\/lavozpuntana.com\/?p=11658","title":{"rendered":"SOLICITAN A LA POBLACI\u00d3N INTENSIFICAR LOS CUIDADOS ANTE EL AUMENTO DE CASOS DE GASTROENTERITIS Y DENGUE"},"content":{"rendered":"\n<figure class=\"wp-block-image size-large\"><img loading=\"lazy\" decoding=\"async\" width=\"1024\" height=\"682\" src=\"http:\/\/lavozpuntana.com\/wp-content\/uploads\/2024\/01\/JES_10-1-1-1024x682.jpg\" alt=\"\" class=\"wp-image-11659\" srcset=\"https:\/\/lavozpuntana.com\/wp-content\/uploads\/2024\/01\/JES_10-1-1-1024x682.jpg 1024w, https:\/\/lavozpuntana.com\/wp-content\/uploads\/2024\/01\/JES_10-1-1-300x200.jpg 300w, https:\/\/lavozpuntana.com\/wp-content\/uploads\/2024\/01\/JES_10-1-1-768x511.jpg 768w, https:\/\/lavozpuntana.com\/wp-content\/uploads\/2024\/01\/JES_10-1-1.jpg 1200w\" sizes=\"auto, (max-width: 1024px) 100vw, 1024px\" \/><\/figure>\n\n\n\n<p><strong>La ministra de Salud, Claudia Spagnuolo, inform\u00f3 sobre el preocupante incremento de casos de gastroenteritis e infecciones por dengue en los \u00faltimos d\u00edas en la provincia. Tambi\u00e9n llam\u00f3 a la ciudadan\u00eda a reforzar las medidas preventivas y as\u00ed evitar contagios.<\/strong><\/p>\n\n\n\n<p>Los casos de gastroenteritis y los de dengue tienen muy ocupado al ministerio de Salud. Su titular, Claudia Spagnuolo, se refiri\u00f3 a ambos en la conferencia de prensa que brind\u00f3 en Terrazas del Portezuelo. En relaci\u00f3n a la gastroenteritis, se detectaron 220 casos entre el 11 y el 15 de enero, \u201cun n\u00famero muy elevado para pocos d\u00edas\u201d, seg\u00fan explic\u00f3 la funcionaria. Las zonas m\u00e1s afectadas son: Merlo, Santa Rosa y alrededores.<\/p>\n\n\n\n<p>Spagnuolo indic\u00f3 que se trata de cuadros propios del verano, causados por bacterias y un virus transmitidos por el agua. Si bien la mayor\u00eda de los pacientes pudieron ser atendidos en guardias con hidrataci\u00f3n, unos pocos requirieron internaci\u00f3n.<\/p>\n\n\n\n<p>Sobre el dengue, la provincia registra 8 casos confirmados y 25 sospechosos que esperan resultados de laboratorio. La Ministra pidi\u00f3 extremar medidas de prevenci\u00f3n, sobre todo la limpieza de patios y espacios, y el descacharrado para eliminar reservorios de agua donde se reproduce el mosquito transmisor.<\/p>\n\n\n\n<p>Profesionales de Salud realizan bloqueos epidemiol\u00f3gicos y an\u00e1lisis de muestras para detectar los focos de contagio, tanto de las gastroenteritis como del dengue. Spagnuolo inst\u00f3 a la poblaci\u00f3n a consultar en los centros de salud ante la aparici\u00f3n de s\u00edntomas fuertes compatibles con estas enfermedades, tales como diarrea, fiebre y v\u00f3mitos, entre otros.<\/p>\n","protected":false},"excerpt":{"rendered":"<p>La ministra de Salud, Claudia Spagnuolo, inform\u00f3 sobre el preocupante incremento de casos de gastroenteritis e infecciones por dengue en los \u00faltimos d\u00edas en la provincia. Tambi\u00e9n llam\u00f3 a la ciudadan\u00eda a reforzar las medidas preventivas y as\u00ed evitar contagios.<\/p>\n","protected":false},"author":4,"featured_media":11659,"comment_status":"closed","ping_status":"closed","sticky":false,"template":"","format":"standard","meta":{"footnotes":""},"categories":[4],"tags":[],"class_list":["post-11658","post","type-post","status-publish","format-standard","has-post-thumbnail","hentry","category-la-provincia"],"_links":{"self":[{"href":"https:\/\/lavozpuntana.com\/index.php?rest_route=\/wp\/v2\/posts\/11658","targetHints":{"allow":["GET"]}}],"collection":[{"href":"https:\/\/lavozpuntana.com\/index.php?rest_route=\/wp\/v2\/posts"}],"about":[{"href":"https:\/\/lavozpuntana.com\/index.php?rest_route=\/wp\/v2\/types\/post"}],"author":[{"embeddable":true,"href":"https:\/\/lavozpuntana.com\/index.php?rest_route=\/wp\/v2\/users\/4"}],"replies":[{"embeddable":true,"href":"https:\/\/lavozpuntana.com\/index.php?rest_route=%2Fwp%2Fv2%2Fcomments&post=11658"}],"version-history":[{"count":1,"href":"https:\/\/lavozpuntana.com\/index.php?rest_route=\/wp\/v2\/posts\/11658\/revisions"}],"predecessor-version":[{"id":11660,"href":"https:\/\/lavozpuntana.com\/index.php?rest_route=\/wp\/v2\/posts\/11658\/revisions\/11660"}],"wp:featuredmedia":[{"embeddable":true,"href":"https:\/\/lavozpuntana.com\/index.php?rest_route=\/wp\/v2\/media\/11659"}],"wp:attachment":[{"href":"https:\/\/lavozpuntana.com\/index.php?rest_route=%2Fwp%2Fv2%2Fmedia&parent=11658"}],"wp:term":[{"taxonomy":"category","embeddable":true,"href":"https:\/\/lavozpuntana.com\/index.php?rest_route=%2Fwp%2Fv2%2Fcategories&post=11658"},{"taxonomy":"post_tag","embeddable":true,"href":"https:\/\/lavozpuntana.com\/index.php?rest_route=%2Fwp%2Fv2%2Ftags&post=11658"}],"curies":[{"name":"wp","href":"https:\/\/api.w.org\/{rel}","templated":true}]}}