{"id":11667,"date":"2024-01-17T08:03:08","date_gmt":"2024-01-17T11:03:08","guid":{"rendered":"https:\/\/lavozpuntana.com\/?p=11667"},"modified":"2024-01-17T08:03:10","modified_gmt":"2024-01-17T11:03:10","slug":"analizan-nuevos-casos-sospechosos-de-dengue-en-la-provincia","status":"publish","type":"post","link":"https:\/\/lavozpuntana.com\/?p=11667","title":{"rendered":"ANALIZAN NUEVOS CASOS SOSPECHOSOS DE DENGUE EN LA PROVINCIA"},"content":{"rendered":"\n<figure class=\"wp-block-image size-large\"><img loading=\"lazy\" decoding=\"async\" width=\"630\" height=\"421\" src=\"http:\/\/lavozpuntana.com\/wp-content\/uploads\/2024\/01\/C4CEKOX7k_720x0__1-1-630x421-1.jpg\" alt=\"\" class=\"wp-image-11668\" srcset=\"https:\/\/lavozpuntana.com\/wp-content\/uploads\/2024\/01\/C4CEKOX7k_720x0__1-1-630x421-1.jpg 630w, https:\/\/lavozpuntana.com\/wp-content\/uploads\/2024\/01\/C4CEKOX7k_720x0__1-1-630x421-1-300x200.jpg 300w\" sizes=\"auto, (max-width: 630px) 100vw, 630px\" \/><\/figure>\n\n\n\n<p><strong>El ministerio de Salud inform\u00f3 acerca de la evoluci\u00f3n de la enfermedad y comparti\u00f3 una vez m\u00e1s las medidas de prevenci\u00f3n para evitar la proliferaci\u00f3n del mosquito infectado. Actualmente, hay 21 casos en estudio y 10 confirmados.<\/strong><\/p>\n\n\n\n<p>La direcci\u00f3n de Epidemiolog\u00eda y Bioestad\u00edstica del Ministerio aguarda los resultados de los an\u00e1lisis para proceder a la fumigaci\u00f3n de los domicilios y peridomicilios, que abarcan ocho manzanas a la redonda de cada caso \u00edndice. Adem\u00e1s, record\u00f3 que en el interior de la provincia se est\u00e1 trabajando con 85 personas pertenecientes a las Brigadas de Control de Vectores, distribuidas en 28 localidades y parajes.<\/p>\n\n\n\n<p>Desde el 1\u00b0 de agosto del 2023 al 16 de enero del 2024 se notificaron 57 casos como sospechosos de dengue, de los cuales:<\/p>\n\n\n\n<p>22 fueron descartados por laboratorio.<\/p>\n\n\n\n<p>10 casos son positivos confirmados.<\/p>\n\n\n\n<p>21 casos son sospechosos y est\u00e1n en estudio: dos de Juana Koslay, siete de San Luis, uno de Santa Rosa del Conlara, cuatro de Merlo, dos de Villa Mercedes, uno de La Punta, uno de Naschel y tres de otras provincias (Buenos Aires, Chaco y C\u00f3rdoba).<\/p>\n\n\n\n<p>Cuatro casos probables (test r\u00e1pido positivo; faltan confirmar por PCR): dos de Villa Mercedes, uno de Merlo y uno de otra provincia (Buenos Aires).<\/p>\n\n\n\n<p><strong>S\u00edntomas del dengue<\/strong><\/p>\n\n\n\n<p>El principal s\u00edntoma de la enfermedad es la fiebre, acompa\u00f1ada por dolor detr\u00e1s de los ojos, dolor de cabeza, dolor muscular y de articulaciones, n\u00e1useas y v\u00f3mitos, cansancio intenso, aparici\u00f3n de manchas en la piel y picaz\u00f3n o sangrado de nariz y enc\u00edas. Es muy importante no automedicarse y acudir al centro de salud m\u00e1s cercano para recibir las indicaciones m\u00e9dicas correctas.<\/p>\n\n\n\n<p><strong>Prevenci\u00f3n<\/strong><\/p>\n\n\n\n<p>Para prevenir el dengue no alcanza con la fumigaci\u00f3n, por eso debemos cuidar principalmente nuestros hogares eliminando recipientes en desuso que puedan acumular agua, manteniendo siempre el patio limpio y desmalezado, y limpiando canaletas y desag\u00fces de lluvia de los techos.<\/p>\n\n\n\n<p>Adem\u00e1s, para evitar las picaduras, es importante utilizar repelentes ambientales, ropa clara que cubra los brazos y las piernas (principalmente al realizar actividades al aire libre) y colocar tela mosquitera en puertas y ventanas, en coches y cunas de beb\u00e9s.<\/p>\n","protected":false},"excerpt":{"rendered":"<p>El ministerio de Salud inform\u00f3 acerca de la evoluci\u00f3n de la enfermedad y comparti\u00f3 una vez m\u00e1s las medidas de prevenci\u00f3n para evitar la proliferaci\u00f3n del mosquito infectado. Actualmente, hay 21 casos en estudio y 10 confirmados.<\/p>\n","protected":false},"author":4,"featured_media":11668,"comment_status":"closed","ping_status":"closed","sticky":false,"template":"","format":"standard","meta":{"footnotes":""},"categories":[4],"tags":[],"class_list":["post-11667","post","type-post","status-publish","format-standard","has-post-thumbnail","hentry","category-la-provincia"],"_links":{"self":[{"href":"https:\/\/lavozpuntana.com\/index.php?rest_route=\/wp\/v2\/posts\/11667","targetHints":{"allow":["GET"]}}],"collection":[{"href":"https:\/\/lavozpuntana.com\/index.php?rest_route=\/wp\/v2\/posts"}],"about":[{"href":"https:\/\/lavozpuntana.com\/index.php?rest_route=\/wp\/v2\/types\/post"}],"author":[{"embeddable":true,"href":"https:\/\/lavozpuntana.com\/index.php?rest_route=\/wp\/v2\/users\/4"}],"replies":[{"embeddable":true,"href":"https:\/\/lavozpuntana.com\/index.php?rest_route=%2Fwp%2Fv2%2Fcomments&post=11667"}],"version-history":[{"count":1,"href":"https:\/\/lavozpuntana.com\/index.php?rest_route=\/wp\/v2\/posts\/11667\/revisions"}],"predecessor-version":[{"id":11669,"href":"https:\/\/lavozpuntana.com\/index.php?rest_route=\/wp\/v2\/posts\/11667\/revisions\/11669"}],"wp:featuredmedia":[{"embeddable":true,"href":"https:\/\/lavozpuntana.com\/index.php?rest_route=\/wp\/v2\/media\/11668"}],"wp:attachment":[{"href":"https:\/\/lavozpuntana.com\/index.php?rest_route=%2Fwp%2Fv2%2Fmedia&parent=11667"}],"wp:term":[{"taxonomy":"category","embeddable":true,"href":"https:\/\/lavozpuntana.com\/index.php?rest_route=%2Fwp%2Fv2%2Fcategories&post=11667"},{"taxonomy":"post_tag","embeddable":true,"href":"https:\/\/lavozpuntana.com\/index.php?rest_route=%2Fwp%2Fv2%2Ftags&post=11667"}],"curies":[{"name":"wp","href":"https:\/\/api.w.org\/{rel}","templated":true}]}}