{"id":11704,"date":"2024-01-22T09:29:09","date_gmt":"2024-01-22T12:29:09","guid":{"rendered":"https:\/\/lavozpuntana.com\/?p=11704"},"modified":"2024-01-22T09:29:11","modified_gmt":"2024-01-22T12:29:11","slug":"se-realizo-un-intenso-trabajo-por-el-temporal-en-concaran-y-paso-grande","status":"publish","type":"post","link":"https:\/\/lavozpuntana.com\/?p=11704","title":{"rendered":"SE REALIZ\u00d3 UN INTENSO TRABAJO POR EL TEMPORAL EN CONCAR\u00c1N Y PASO GRANDE"},"content":{"rendered":"\n<figure class=\"wp-block-image size-large\"><img loading=\"lazy\" decoding=\"async\" width=\"1024\" height=\"576\" src=\"http:\/\/lavozpuntana.com\/wp-content\/uploads\/2024\/01\/WhatsApp-Image-2024-01-21-at-11.28.54-1536x864-1-1024x576.jpeg\" alt=\"\" class=\"wp-image-11705\" srcset=\"https:\/\/lavozpuntana.com\/wp-content\/uploads\/2024\/01\/WhatsApp-Image-2024-01-21-at-11.28.54-1536x864-1-1024x576.jpeg 1024w, https:\/\/lavozpuntana.com\/wp-content\/uploads\/2024\/01\/WhatsApp-Image-2024-01-21-at-11.28.54-1536x864-1-300x169.jpeg 300w, https:\/\/lavozpuntana.com\/wp-content\/uploads\/2024\/01\/WhatsApp-Image-2024-01-21-at-11.28.54-1536x864-1-768x432.jpeg 768w, https:\/\/lavozpuntana.com\/wp-content\/uploads\/2024\/01\/WhatsApp-Image-2024-01-21-at-11.28.54-1536x864-1-800x450.jpeg 800w, https:\/\/lavozpuntana.com\/wp-content\/uploads\/2024\/01\/WhatsApp-Image-2024-01-21-at-11.28.54-1536x864-1.jpeg 1536w\" sizes=\"auto, (max-width: 1024px) 100vw, 1024px\" \/><\/figure>\n\n\n\n<p><strong>La direcci\u00f3n de Prevenci\u00f3n y Gesti\u00f3n de la Emergencia del ministerio de Seguridad coordin\u00f3 un amplio despliegue y acompa\u00f1\u00f3 al personal de diferentes localidades que trabajaron en la recuperaci\u00f3n de las zonas y los vecinos afectados por el desastre clim\u00e1tico.<\/strong><\/p>\n\n\n\n<p>El fuerte temporal que afect\u00f3 a Concar\u00e1n y Paso Grande en la tarde del s\u00e1bado motiv\u00f3 un fuerte despliegue de las fuerzas de seguridad para paliar las consecuencias materiales y asistir de manera r\u00e1pida y efectiva a los vecinos. En Concar\u00e1n trabajaron Bomberos Voluntarios de Tilisarao, Merlo, Los Molles y Villa Larca, a los que se sumaron bomberos oficiales.<\/p>\n\n\n\n<p>Se registraron \u00e1rboles ca\u00eddos, da\u00f1os en el tendido el\u00e9ctrico y en los domicilios, que producto de los fuertes vientos sufrieron da\u00f1os importantes en sus techos. Los bomberos trabajaron arduamente hasta que la situaci\u00f3n fue controlada pasadas la medianoche. De todas maneras, las inspecciones realizadas por el Intendente y los recorridos realizados conjuntamente con la Polic\u00eda arrojaron que la tormenta afect\u00f3 menos \u00e1reas que la vez pasada. El servicio de energ\u00eda el\u00e9ctrica se restituy\u00f3 pasadas las 22:00.<\/p>\n\n\n\n<p>En Paso Grande se volaron 16 techos, lo que oblig\u00f3 a evacuar a las familias, que fueron asistidas por Bomberos Voluntarios, otros por la Polic\u00eda y finalmente por el Municipio. Trabajaron Bomberos Voluntarios de Renca, La Toma, Naschel, adem\u00e1s de los que integran la fuerza policial, coordinados por la oficial inspector Gretel Mancilla.<\/p>\n\n\n\n<p>El personal realiz\u00f3 tareas varias, entre ellas la liberaci\u00f3n de calles y la asistencia a los domicilios afectados por el temporal. La directora del hospital de La Toma asisti\u00f3 a los evacuados en la sala de primera asistencia m\u00e9dica.<\/p>\n\n\n\n<p>En ninguna de las dos localidades hubo que lamentar v\u00edctimas. Solo en Concar\u00e1n se registr\u00f3 el ingreso al hospital de un grupo de personas que recibieron el impacto de un \u00e1rbol que se les cay\u00f3 encima y conten\u00eda un panal de abejas, por lo que lamentablemente sufrieron algunas picaduras, pero se encuentran fuera de peligro y asistidos por el personal de salud.<\/p>\n\n\n\n<p>La direcci\u00f3n de Prevenci\u00f3n y Gesti\u00f3n de la emergencia particip\u00f3 activamente del Sistema de Comando de Incidentes armado por la Jefatura de Bomberos de Concaran, coordinando y poniendo a disposici\u00f3n los recursos del ministerio de Seguridad de la provincia.<\/p>\n\n\n\n<p>Fuente: Agencia de Noticias.<\/p>\n","protected":false},"excerpt":{"rendered":"<p>La direcci\u00f3n de Prevenci\u00f3n y Gesti\u00f3n de la Emergencia del ministerio de Seguridad coordin\u00f3 un amplio despliegue y acompa\u00f1\u00f3 al personal de diferentes localidades que trabajaron en la recuperaci\u00f3n de las zonas y los vecinos afectados por el desastre clim\u00e1tico.<\/p>\n","protected":false},"author":4,"featured_media":11705,"comment_status":"closed","ping_status":"closed","sticky":false,"template":"","format":"standard","meta":{"footnotes":""},"categories":[4],"tags":[],"class_list":["post-11704","post","type-post","status-publish","format-standard","has-post-thumbnail","hentry","category-la-provincia"],"_links":{"self":[{"href":"https:\/\/lavozpuntana.com\/index.php?rest_route=\/wp\/v2\/posts\/11704","targetHints":{"allow":["GET"]}}],"collection":[{"href":"https:\/\/lavozpuntana.com\/index.php?rest_route=\/wp\/v2\/posts"}],"about":[{"href":"https:\/\/lavozpuntana.com\/index.php?rest_route=\/wp\/v2\/types\/post"}],"author":[{"embeddable":true,"href":"https:\/\/lavozpuntana.com\/index.php?rest_route=\/wp\/v2\/users\/4"}],"replies":[{"embeddable":true,"href":"https:\/\/lavozpuntana.com\/index.php?rest_route=%2Fwp%2Fv2%2Fcomments&post=11704"}],"version-history":[{"count":1,"href":"https:\/\/lavozpuntana.com\/index.php?rest_route=\/wp\/v2\/posts\/11704\/revisions"}],"predecessor-version":[{"id":11706,"href":"https:\/\/lavozpuntana.com\/index.php?rest_route=\/wp\/v2\/posts\/11704\/revisions\/11706"}],"wp:featuredmedia":[{"embeddable":true,"href":"https:\/\/lavozpuntana.com\/index.php?rest_route=\/wp\/v2\/media\/11705"}],"wp:attachment":[{"href":"https:\/\/lavozpuntana.com\/index.php?rest_route=%2Fwp%2Fv2%2Fmedia&parent=11704"}],"wp:term":[{"taxonomy":"category","embeddable":true,"href":"https:\/\/lavozpuntana.com\/index.php?rest_route=%2Fwp%2Fv2%2Fcategories&post=11704"},{"taxonomy":"post_tag","embeddable":true,"href":"https:\/\/lavozpuntana.com\/index.php?rest_route=%2Fwp%2Fv2%2Ftags&post=11704"}],"curies":[{"name":"wp","href":"https:\/\/api.w.org\/{rel}","templated":true}]}}