{"id":11773,"date":"2024-01-31T10:35:30","date_gmt":"2024-01-31T13:35:30","guid":{"rendered":"https:\/\/lavozpuntana.com\/?p=11773"},"modified":"2024-01-31T10:35:32","modified_gmt":"2024-01-31T13:35:32","slug":"la-provincia-y-la-unvime-planifican-acciones-conjuntas-en-materia-deportiva","status":"publish","type":"post","link":"https:\/\/lavozpuntana.com\/?p=11773","title":{"rendered":"LA PROVINCIA Y LA UNVIME PLANIFICAN ACCIONES CONJUNTAS EN MATERIA DEPORTIVA"},"content":{"rendered":"\n<figure class=\"wp-block-image size-large\"><img loading=\"lazy\" decoding=\"async\" width=\"1024\" height=\"682\" src=\"http:\/\/lavozpuntana.com\/wp-content\/uploads\/2024\/01\/WhatsApp-Image-2024-01-30-at-10.44.27-1-1024x682.jpeg\" alt=\"\" class=\"wp-image-11774\" srcset=\"https:\/\/lavozpuntana.com\/wp-content\/uploads\/2024\/01\/WhatsApp-Image-2024-01-30-at-10.44.27-1-1024x682.jpeg 1024w, https:\/\/lavozpuntana.com\/wp-content\/uploads\/2024\/01\/WhatsApp-Image-2024-01-30-at-10.44.27-1-300x200.jpeg 300w, https:\/\/lavozpuntana.com\/wp-content\/uploads\/2024\/01\/WhatsApp-Image-2024-01-30-at-10.44.27-1-768x511.jpeg 768w, https:\/\/lavozpuntana.com\/wp-content\/uploads\/2024\/01\/WhatsApp-Image-2024-01-30-at-10.44.27-1.jpeg 1200w\" sizes=\"auto, (max-width: 1024px) 100vw, 1024px\" \/><\/figure>\n\n\n\n<p><strong>De cara a un nuevo ciclo lectivo, van a firmar un convenio apuntado a la capacitaci\u00f3n constante y diversas especializaciones para profesionales vinculados a las ciencias del deporte, como kinesi\u00f3logos, preparadores f\u00edsicos, entrenadores y profesores de Educaci\u00f3n F\u00edsica.<\/strong><\/p>\n\n\n\n<p>El secretario de Deporte, Gabriel Rivero, recibi\u00f3 al vicerrector de la Universidad Nacional de Villa Mercedes (UNViMe), Santiago Farenga, para dialogar sobre acciones conjuntas. Durante el encuentro, abordaron dos ejes espec\u00edficos: \u201cUno relacionado a la articulaci\u00f3n de los proyectos educativos que tenemos orientados hacia el deporte y que vamos a llevar adelante este a\u00f1o en la universidad y el otro es el de asesorarnos en algunas \u00e1reas deportivas trabajando en conjunto para poder usar la infraestructura que posee la Provincia\u201d, dijo Farenga.<\/p>\n\n\n\n<p>\u201cEsto ser\u00e1 rec\u00edproco, es decir que ambas partes se van a retroalimentar con el convenio, nosotros apuntamos fundamentalmente a la educaci\u00f3n\u201d, agreg\u00f3 el vicerrector.<\/p>\n\n\n\n<p>Van a organizar cursos, capacitaciones y especializaciones destinadas a profesionales que est\u00e1n vinculados a las ciencias del deporte, como por ejemplo kinesi\u00f3logos, preparadores f\u00edsicos, entrenadores y profesores de educaci\u00f3n f\u00edsica. \u201cCon Rivero coincidimos en que es muy importante mejorar la calidad y la formaci\u00f3n de los recursos humanos en estas \u00e1reas, que es algo que luego se proyecta en tener mejores deportistas en la provincia\u201d, opin\u00f3 Farenga.<\/p>\n\n\n\n<p>Ahondando en estos conceptos, el vicerrector se\u00f1al\u00f3 que \u201chay dos puntos importantes para destacar: uno es que tenemos gente formada para estas \u00e1reas tanto en Deporte como en la universidad, y ademas tenemos muy buenos equipos de trabajo, con gente con muchas ganas de trabajar y tirar para adelante\u201d.<\/p>\n","protected":false},"excerpt":{"rendered":"<p>De cara a un nuevo ciclo lectivo, van a firmar un convenio apuntado a la capacitaci\u00f3n constante y diversas especializaciones para profesionales vinculados a las ciencias del deporte, como kinesi\u00f3logos, preparadores f\u00edsicos, entrenadores y profesores de Educaci\u00f3n F\u00edsica.<\/p>\n","protected":false},"author":4,"featured_media":11774,"comment_status":"closed","ping_status":"closed","sticky":false,"template":"","format":"standard","meta":{"footnotes":""},"categories":[4],"tags":[],"class_list":["post-11773","post","type-post","status-publish","format-standard","has-post-thumbnail","hentry","category-la-provincia"],"_links":{"self":[{"href":"https:\/\/lavozpuntana.com\/index.php?rest_route=\/wp\/v2\/posts\/11773","targetHints":{"allow":["GET"]}}],"collection":[{"href":"https:\/\/lavozpuntana.com\/index.php?rest_route=\/wp\/v2\/posts"}],"about":[{"href":"https:\/\/lavozpuntana.com\/index.php?rest_route=\/wp\/v2\/types\/post"}],"author":[{"embeddable":true,"href":"https:\/\/lavozpuntana.com\/index.php?rest_route=\/wp\/v2\/users\/4"}],"replies":[{"embeddable":true,"href":"https:\/\/lavozpuntana.com\/index.php?rest_route=%2Fwp%2Fv2%2Fcomments&post=11773"}],"version-history":[{"count":1,"href":"https:\/\/lavozpuntana.com\/index.php?rest_route=\/wp\/v2\/posts\/11773\/revisions"}],"predecessor-version":[{"id":11775,"href":"https:\/\/lavozpuntana.com\/index.php?rest_route=\/wp\/v2\/posts\/11773\/revisions\/11775"}],"wp:featuredmedia":[{"embeddable":true,"href":"https:\/\/lavozpuntana.com\/index.php?rest_route=\/wp\/v2\/media\/11774"}],"wp:attachment":[{"href":"https:\/\/lavozpuntana.com\/index.php?rest_route=%2Fwp%2Fv2%2Fmedia&parent=11773"}],"wp:term":[{"taxonomy":"category","embeddable":true,"href":"https:\/\/lavozpuntana.com\/index.php?rest_route=%2Fwp%2Fv2%2Fcategories&post=11773"},{"taxonomy":"post_tag","embeddable":true,"href":"https:\/\/lavozpuntana.com\/index.php?rest_route=%2Fwp%2Fv2%2Ftags&post=11773"}],"curies":[{"name":"wp","href":"https:\/\/api.w.org\/{rel}","templated":true}]}}