{"id":11776,"date":"2024-01-31T10:43:00","date_gmt":"2024-01-31T13:43:00","guid":{"rendered":"https:\/\/lavozpuntana.com\/?p=11776"},"modified":"2024-01-31T10:43:03","modified_gmt":"2024-01-31T13:43:03","slug":"denuncian-a-la-exfuncionaria-gloria-velasquez-por-cobrar-triple-sueldo-del-estado","status":"publish","type":"post","link":"https:\/\/lavozpuntana.com\/?p=11776","title":{"rendered":"DENUNCIAN A LA EXFUNCIONARIA GLORIA VEL\u00c1SQUEZ POR COBRAR TRIPLE SUELDO DEL ESTADO"},"content":{"rendered":"\n<figure class=\"wp-block-image size-large\"><img loading=\"lazy\" decoding=\"async\" width=\"620\" height=\"417\" src=\"http:\/\/lavozpuntana.com\/wp-content\/uploads\/2024\/01\/WhatsApp-Image-2024-01-30-at-20.29.08.jpeg\" alt=\"\" class=\"wp-image-11777\" srcset=\"https:\/\/lavozpuntana.com\/wp-content\/uploads\/2024\/01\/WhatsApp-Image-2024-01-30-at-20.29.08.jpeg 620w, https:\/\/lavozpuntana.com\/wp-content\/uploads\/2024\/01\/WhatsApp-Image-2024-01-30-at-20.29.08-300x202.jpeg 300w\" sizes=\"auto, (max-width: 620px) 100vw, 620px\" \/><\/figure>\n\n\n\n<p><strong>Vel\u00e1squez percib\u00eda un sueldo como funcionaria del gobierno de Alberto Fern\u00e1ndez como directora de Radio Nacional San Luis y otro como funcionaria de Alberto Rodr\u00edguez Sa\u00e1, mediante un contrato fuera de escala como jefa de Subprograma en la \u00f3rbita de la Jefatura de Gabinete de la gesti\u00f3n anterior. Como si esto no fuese poco, tambi\u00e9n facturaba para un programa que se emit\u00eda por Canal 13 San Luis. Este martes fue denunciada penalmente.<\/strong><\/p>\n\n\n\n<p>La periodista, N\u00e9lida Gloria Vel\u00e1squez, cobr\u00f3 desde marzo de 2020 a diciembre de 2023 como directora de Radio Nacional San Luis, e hizo lo propio desde diciembre de 2019 a diciembre de 2023 como funcionaria dentro de la Jefatura de Gabinete. Adem\u00e1s, sum\u00f3 un tercer sueldo a trav\u00e9s del dinero que percibi\u00f3 por el programa \u2018En Tus Zapatos\u2019 que conduc\u00eda y que se emiti\u00f3 por la se\u00f1al de Canal 13 San Luis.<\/p>\n\n\n\n<p>Vel\u00e1squez, luego de asumir la direcci\u00f3n de LRA 28, Radio Nacional San Luis, nunca inform\u00f3 al Gobierno Provincial de su cargo y sigui\u00f3 percibiendo doble sueldo como funcionaria. As\u00ed, viol\u00f3 el juramento realizado al suscribir el contrato con el Gobierno de San Luis, incumpliendo deberes de funcionario p\u00fablico.<\/p>\n\n\n\n<p>Fueron entonces, m\u00e1s de tres a\u00f1os en los que \u201cpercibi\u00f3 una doble remuneraci\u00f3n, doble cargo nacional y provincial, totalmente incompatibles, con los \u00faltimos salarios de m\u00e1s de 800 mil pesos ($800.000) cada uno\u201d, especifica la denuncia.<\/p>\n\n\n\n<p>Paralelamente, Gloria Vel\u00e1squez facturaba para San Luis Televisi\u00f3n (Canal 13 San Luis), servicios de \u2018Producci\u00f3n integral Audiovisual, edici\u00f3n, post producci\u00f3n, efectos especiales para el programa \u2018En Tus Zapatos\u2019\u2019.<\/p>\n\n\n\n<p>La denuncia fue realizada por el actual secretario de Estado de Comunicaci\u00f3n de San Luis, Diego Masci por la posible comisi\u00f3n del delito de negociaciones incompatibles con el ejercicio de la funci\u00f3n p\u00fablica e incumplimiento de los deberes de funcionario p\u00fablico.<\/p>\n","protected":false},"excerpt":{"rendered":"<p>Vel\u00e1squez percib\u00eda un sueldo como funcionaria del gobierno de Alberto Fern\u00e1ndez como directora de Radio Nacional San Luis y otro como funcionaria de Alberto Rodr\u00edguez Sa\u00e1, mediante un contrato fuera de escala como jefa de Subprograma en la \u00f3rbita de la Jefatura de Gabinete de la gesti\u00f3n anterior. Como si esto no fuese poco, tambi\u00e9n facturaba para un programa que se emit\u00eda por Canal 13 San Luis. Este martes fue denunciada penalmente.<\/p>\n","protected":false},"author":4,"featured_media":11777,"comment_status":"closed","ping_status":"closed","sticky":false,"template":"","format":"standard","meta":{"footnotes":""},"categories":[4],"tags":[],"class_list":["post-11776","post","type-post","status-publish","format-standard","has-post-thumbnail","hentry","category-la-provincia"],"_links":{"self":[{"href":"https:\/\/lavozpuntana.com\/index.php?rest_route=\/wp\/v2\/posts\/11776","targetHints":{"allow":["GET"]}}],"collection":[{"href":"https:\/\/lavozpuntana.com\/index.php?rest_route=\/wp\/v2\/posts"}],"about":[{"href":"https:\/\/lavozpuntana.com\/index.php?rest_route=\/wp\/v2\/types\/post"}],"author":[{"embeddable":true,"href":"https:\/\/lavozpuntana.com\/index.php?rest_route=\/wp\/v2\/users\/4"}],"replies":[{"embeddable":true,"href":"https:\/\/lavozpuntana.com\/index.php?rest_route=%2Fwp%2Fv2%2Fcomments&post=11776"}],"version-history":[{"count":1,"href":"https:\/\/lavozpuntana.com\/index.php?rest_route=\/wp\/v2\/posts\/11776\/revisions"}],"predecessor-version":[{"id":11778,"href":"https:\/\/lavozpuntana.com\/index.php?rest_route=\/wp\/v2\/posts\/11776\/revisions\/11778"}],"wp:featuredmedia":[{"embeddable":true,"href":"https:\/\/lavozpuntana.com\/index.php?rest_route=\/wp\/v2\/media\/11777"}],"wp:attachment":[{"href":"https:\/\/lavozpuntana.com\/index.php?rest_route=%2Fwp%2Fv2%2Fmedia&parent=11776"}],"wp:term":[{"taxonomy":"category","embeddable":true,"href":"https:\/\/lavozpuntana.com\/index.php?rest_route=%2Fwp%2Fv2%2Fcategories&post=11776"},{"taxonomy":"post_tag","embeddable":true,"href":"https:\/\/lavozpuntana.com\/index.php?rest_route=%2Fwp%2Fv2%2Ftags&post=11776"}],"curies":[{"name":"wp","href":"https:\/\/api.w.org\/{rel}","templated":true}]}}