{"id":11779,"date":"2024-01-31T10:48:31","date_gmt":"2024-01-31T13:48:31","guid":{"rendered":"https:\/\/lavozpuntana.com\/?p=11779"},"modified":"2024-01-31T10:48:33","modified_gmt":"2024-01-31T13:48:33","slug":"el-gobierno-dejo-sin-efecto-188-recategorizaciones-politicas-de-exfuncionarios","status":"publish","type":"post","link":"https:\/\/lavozpuntana.com\/?p=11779","title":{"rendered":"EL GOBIERNO DEJ\u00d3 SIN EFECTO 188 RECATEGORIZACIONES POL\u00cdTICAS DE EXFUNCIONARIOS"},"content":{"rendered":"\n<figure class=\"wp-block-image size-large\"><img loading=\"lazy\" decoding=\"async\" width=\"1024\" height=\"682\" src=\"http:\/\/lavozpuntana.com\/wp-content\/uploads\/2024\/01\/WhatsApp-Image-2024-01-30-at-13.34.59-1536x1023-1-1024x682.jpeg\" alt=\"\" class=\"wp-image-11780\" srcset=\"https:\/\/lavozpuntana.com\/wp-content\/uploads\/2024\/01\/WhatsApp-Image-2024-01-30-at-13.34.59-1536x1023-1-1024x682.jpeg 1024w, https:\/\/lavozpuntana.com\/wp-content\/uploads\/2024\/01\/WhatsApp-Image-2024-01-30-at-13.34.59-1536x1023-1-300x200.jpeg 300w, https:\/\/lavozpuntana.com\/wp-content\/uploads\/2024\/01\/WhatsApp-Image-2024-01-30-at-13.34.59-1536x1023-1-768x512.jpeg 768w, https:\/\/lavozpuntana.com\/wp-content\/uploads\/2024\/01\/WhatsApp-Image-2024-01-30-at-13.34.59-1536x1023-1.jpeg 1536w\" sizes=\"auto, (max-width: 1024px) 100vw, 1024px\" \/><\/figure>\n\n\n\n<p><strong>El gobernador Claudio Poggi anul\u00f3 las subas de categor\u00eda de 188 funcionarios de la gesti\u00f3n anterior, otorgadas un mes antes de finalizar el mandato. La conversi\u00f3n se dio cuando dejaron sus cargos y, al momento de volver al escalaf\u00f3n general, ascendieron al menos dos categor\u00edas respecto de la original.<\/strong><\/p>\n\n\n\n<p>Luego del decreto firmado por el Primer mandatario, los salarios del mes de enero de estas personas (exfuncionarios) ser\u00e1n liquidados con la categor\u00eda que ten\u00edan antes de la medida que se dej\u00f3 sin efecto.<\/p>\n","protected":false},"excerpt":{"rendered":"<p>El gobernador Claudio Poggi anul\u00f3 las subas de categor\u00eda de 188 funcionarios de la gesti\u00f3n anterior, otorgadas un mes antes de finalizar el mandato. La conversi\u00f3n se dio cuando dejaron sus cargos y, al momento de volver al escalaf\u00f3n general, ascendieron al menos dos categor\u00edas respecto de la original.<\/p>\n","protected":false},"author":4,"featured_media":11780,"comment_status":"closed","ping_status":"closed","sticky":false,"template":"","format":"standard","meta":{"footnotes":""},"categories":[4],"tags":[],"class_list":["post-11779","post","type-post","status-publish","format-standard","has-post-thumbnail","hentry","category-la-provincia"],"_links":{"self":[{"href":"https:\/\/lavozpuntana.com\/index.php?rest_route=\/wp\/v2\/posts\/11779","targetHints":{"allow":["GET"]}}],"collection":[{"href":"https:\/\/lavozpuntana.com\/index.php?rest_route=\/wp\/v2\/posts"}],"about":[{"href":"https:\/\/lavozpuntana.com\/index.php?rest_route=\/wp\/v2\/types\/post"}],"author":[{"embeddable":true,"href":"https:\/\/lavozpuntana.com\/index.php?rest_route=\/wp\/v2\/users\/4"}],"replies":[{"embeddable":true,"href":"https:\/\/lavozpuntana.com\/index.php?rest_route=%2Fwp%2Fv2%2Fcomments&post=11779"}],"version-history":[{"count":1,"href":"https:\/\/lavozpuntana.com\/index.php?rest_route=\/wp\/v2\/posts\/11779\/revisions"}],"predecessor-version":[{"id":11781,"href":"https:\/\/lavozpuntana.com\/index.php?rest_route=\/wp\/v2\/posts\/11779\/revisions\/11781"}],"wp:featuredmedia":[{"embeddable":true,"href":"https:\/\/lavozpuntana.com\/index.php?rest_route=\/wp\/v2\/media\/11780"}],"wp:attachment":[{"href":"https:\/\/lavozpuntana.com\/index.php?rest_route=%2Fwp%2Fv2%2Fmedia&parent=11779"}],"wp:term":[{"taxonomy":"category","embeddable":true,"href":"https:\/\/lavozpuntana.com\/index.php?rest_route=%2Fwp%2Fv2%2Fcategories&post=11779"},{"taxonomy":"post_tag","embeddable":true,"href":"https:\/\/lavozpuntana.com\/index.php?rest_route=%2Fwp%2Fv2%2Ftags&post=11779"}],"curies":[{"name":"wp","href":"https:\/\/api.w.org\/{rel}","templated":true}]}}