{"id":11782,"date":"2024-01-31T10:56:02","date_gmt":"2024-01-31T13:56:02","guid":{"rendered":"https:\/\/lavozpuntana.com\/?p=11782"},"modified":"2024-01-31T10:56:03","modified_gmt":"2024-01-31T13:56:03","slug":"ley-omnibus-habra-cuarto-intermedio-y-la-sesion-podria-durar-35-horas","status":"publish","type":"post","link":"https:\/\/lavozpuntana.com\/?p=11782","title":{"rendered":"LEY \u00d3MNIBUS: HABR\u00c1 CUARTO INTERMEDIO Y LA SESI\u00d3N PODR\u00cdA DURAR 35 HORAS"},"content":{"rendered":"\n<figure class=\"wp-block-image size-large\"><img loading=\"lazy\" decoding=\"async\" width=\"1024\" height=\"684\" src=\"http:\/\/lavozpuntana.com\/wp-content\/uploads\/2024\/01\/menempreparatoria1-1024x684.jpeg\" alt=\"\" class=\"wp-image-11783\" srcset=\"https:\/\/lavozpuntana.com\/wp-content\/uploads\/2024\/01\/menempreparatoria1-1024x684.jpeg 1024w, https:\/\/lavozpuntana.com\/wp-content\/uploads\/2024\/01\/menempreparatoria1-300x200.jpeg 300w, https:\/\/lavozpuntana.com\/wp-content\/uploads\/2024\/01\/menempreparatoria1-768x513.jpeg 768w, https:\/\/lavozpuntana.com\/wp-content\/uploads\/2024\/01\/menempreparatoria1-1536x1025.jpeg 1536w, https:\/\/lavozpuntana.com\/wp-content\/uploads\/2024\/01\/menempreparatoria1.jpeg 1600w\" sizes=\"auto, (max-width: 1024px) 100vw, 1024px\" \/><\/figure>\n\n\n\n<p><strong>Mart\u00edn Menem se reuni\u00f3 con los principales referentes de cada uno de los bloques en Labor Parlamentario y propuso cortar la sesi\u00f3n a un horario razonable de la noche para darle algunas horas de descanso a los legisladores.<\/strong><\/p>\n\n\n\n<p>El presidente de la C\u00e1mara de Diputados, Mart\u00edn Menem, y los principales referentes de cada uno de los bloques se reunieron anoche en Labor Parlamentaria para definir la organizaci\u00f3n de la sesi\u00f3n que comenzar\u00e1 el mi\u00e9rcoles en torno a la ley \u00f3mnibus, la cual batir\u00e1 r\u00e9cords en t\u00e9rminos de duraci\u00f3n.<\/p>\n\n\n\n<p>Seg\u00fan pudo saber Noticias Argentinas, la propuesta del oficialismo, que fue bien recibida por todos los bloques, es introducir un cuarto intermedio a un horario razonable de la noche del mi\u00e9rcoles para darles algunas horas de descanso a los legisladores para que repongan energ\u00eda.<\/p>\n\n\n\n<p>No hay horarios precisos y se decidir\u00e1 sobre la marcha, pero habr\u00e1 flexibilidad y si llega a extenderse el primer turno m\u00e1s all\u00e1 de la madrugada, se podr\u00eda retomar al d\u00eda siguiente al mediod\u00eda y no a las 10 como est\u00e1 en principio estipulado.&nbsp;<\/p>\n\n\n\n<p>Por otra parte, se defini\u00f3 que el miembro informante del oficialismo, Gabriel Bornorini (presidente de la comisi\u00f3n de Legislaci\u00f3n General), leer\u00e1 los cambios al dictamen de mayor\u00eda al comienzo del debate.<\/p>\n\n\n\n<p>Antes se tratar\u00e1n 22 cuestiones de privilegio, lo cual insumir\u00e1 una hora y media, seg\u00fan estimaron fuentes parlamentarias que participaron de la reuni\u00f3n de Labor.<\/p>\n\n\n\n<p>En ese bloque se verter\u00e1n las denuncias sobre la presunta invalidez de la sesi\u00f3n que declaman Uni\u00f3n por la Patria y el Frente de Izquierda, que apuntan a las irregularidades en la firma del dictamen de mayor\u00eda (cuyo contenido fue reformado posteriormente).<\/p>\n\n\n\n<p>Denuncian puntualmente que lo que se va a estar votando no es el mismo texto que el expediente que se firm\u00f3 con dictamen de mayor\u00eda.<\/p>\n\n\n\n<p>Es por eso que en el Frente de Izquierda intuyen que al comienzo del debate por la Ley de Bases el oficialismo solamente leer\u00e1 los cambios al texto pero no presentar\u00e1n el expediente reformado, porque eso supondr\u00eda una confesi\u00f3n de que lo que se est\u00e1 sometiendo a votaci\u00f3n es un \u201cdictamen blue\u201d que nadie conoce y no el que se firm\u00f3 en el plenario de comisiones.<\/p>\n\n\n\n<p>Ante esas versiones, una influyente diputada del PRO asegur\u00f3 en di\u00e1logo con la prensa parlamentaria: \u201cLos que votamos en general sabemos lo que estamos votando\u201d.<\/p>\n\n\n\n<p>El encuentro se desarroll\u00f3 en el Sal\u00f3n Delia Parodi del Palacio Legislativo, y participaron, entre otros, la vicepresidenta primera, Cecilia Moreau, el vicepresidente segundo, Julio Cobos, adem\u00e1s de los presidentes bloques Germ\u00e1n Mart\u00ednez (Uni\u00f3n por la Patria), Oscar Zago (La Libertad Avanza), Cristian Ritondo (PRO), Rodrigo de Loredo (UCR), Miguel Pichetto (Hacemos Coalici\u00f3n Federal), Pamela Calletti (Innovaci\u00f3n Federal), Myriam Bregman y Romina del Pl\u00e1 (Frente de Izquierda).<\/p>\n\n\n\n<p>Tambi\u00e9n participaron en la sala la secretaria parlamentaria de UP, Paula Penacca, su par del PRO, Silvia Lospennato, y los diputados Carlos Zapata (La Libertad Avanza), Juan Manuel L\u00f3pez (Coalici\u00f3n C\u00edvica en HCF) y Carlos Guti\u00e9rrez (HCF).<\/p>\n","protected":false},"excerpt":{"rendered":"<p>Mart\u00edn Menem se reuni\u00f3 con los principales referentes de cada uno de los bloques en Labor Parlamentario y propuso cortar la sesi\u00f3n a un horario razonable de la noche para darle algunas horas de descanso a los legisladores.<\/p>\n","protected":false},"author":4,"featured_media":11783,"comment_status":"closed","ping_status":"closed","sticky":false,"template":"","format":"standard","meta":{"footnotes":""},"categories":[4],"tags":[],"class_list":["post-11782","post","type-post","status-publish","format-standard","has-post-thumbnail","hentry","category-la-provincia"],"_links":{"self":[{"href":"https:\/\/lavozpuntana.com\/index.php?rest_route=\/wp\/v2\/posts\/11782","targetHints":{"allow":["GET"]}}],"collection":[{"href":"https:\/\/lavozpuntana.com\/index.php?rest_route=\/wp\/v2\/posts"}],"about":[{"href":"https:\/\/lavozpuntana.com\/index.php?rest_route=\/wp\/v2\/types\/post"}],"author":[{"embeddable":true,"href":"https:\/\/lavozpuntana.com\/index.php?rest_route=\/wp\/v2\/users\/4"}],"replies":[{"embeddable":true,"href":"https:\/\/lavozpuntana.com\/index.php?rest_route=%2Fwp%2Fv2%2Fcomments&post=11782"}],"version-history":[{"count":1,"href":"https:\/\/lavozpuntana.com\/index.php?rest_route=\/wp\/v2\/posts\/11782\/revisions"}],"predecessor-version":[{"id":11784,"href":"https:\/\/lavozpuntana.com\/index.php?rest_route=\/wp\/v2\/posts\/11782\/revisions\/11784"}],"wp:featuredmedia":[{"embeddable":true,"href":"https:\/\/lavozpuntana.com\/index.php?rest_route=\/wp\/v2\/media\/11783"}],"wp:attachment":[{"href":"https:\/\/lavozpuntana.com\/index.php?rest_route=%2Fwp%2Fv2%2Fmedia&parent=11782"}],"wp:term":[{"taxonomy":"category","embeddable":true,"href":"https:\/\/lavozpuntana.com\/index.php?rest_route=%2Fwp%2Fv2%2Fcategories&post=11782"},{"taxonomy":"post_tag","embeddable":true,"href":"https:\/\/lavozpuntana.com\/index.php?rest_route=%2Fwp%2Fv2%2Ftags&post=11782"}],"curies":[{"name":"wp","href":"https:\/\/api.w.org\/{rel}","templated":true}]}}