{"id":11785,"date":"2024-02-02T13:44:38","date_gmt":"2024-02-02T16:44:38","guid":{"rendered":"https:\/\/lavozpuntana.com\/?p=11785"},"modified":"2024-02-02T13:44:39","modified_gmt":"2024-02-02T16:44:39","slug":"la-unvime-participo-de-la-asuncion-del-nuevo-presidente-del-superior-tribunal-de-justicia","status":"publish","type":"post","link":"https:\/\/lavozpuntana.com\/?p=11785","title":{"rendered":"LA UNVIME PARTICIP\u00d3 DE LA ASUNCI\u00d3N DEL NUEVO PRESIDENTE DEL SUPERIOR TRIBUNAL DE JUSTICIA"},"content":{"rendered":"\n<figure class=\"wp-block-image size-large\"><img loading=\"lazy\" decoding=\"async\" width=\"1024\" height=\"680\" src=\"http:\/\/lavozpuntana.com\/wp-content\/uploads\/2024\/02\/WhatsApp-Image-2024-02-01-at-23.17.21-1024x680.jpeg\" alt=\"\" class=\"wp-image-11786\" srcset=\"https:\/\/lavozpuntana.com\/wp-content\/uploads\/2024\/02\/WhatsApp-Image-2024-02-01-at-23.17.21-1024x680.jpeg 1024w, https:\/\/lavozpuntana.com\/wp-content\/uploads\/2024\/02\/WhatsApp-Image-2024-02-01-at-23.17.21-300x199.jpeg 300w, https:\/\/lavozpuntana.com\/wp-content\/uploads\/2024\/02\/WhatsApp-Image-2024-02-01-at-23.17.21-768x510.jpeg 768w, https:\/\/lavozpuntana.com\/wp-content\/uploads\/2024\/02\/WhatsApp-Image-2024-02-01-at-23.17.21-1536x1020.jpeg 1536w, https:\/\/lavozpuntana.com\/wp-content\/uploads\/2024\/02\/WhatsApp-Image-2024-02-01-at-23.17.21.jpeg 1600w\" sizes=\"auto, (max-width: 1024px) 100vw, 1024px\" \/><\/figure>\n\n\n\n<p><strong>El Rector Marcelo Sosa y el Vicerrector Santiago Farenga, junto a integrantes del equipo de gesti\u00f3n, participaron este jueves por la ma\u00f1ana del acto de asunci\u00f3n del Dr. Eduardo Segundo Allende, como nuevo Presidente del Superior Tribunal de Justicia por el periodo 2024-2025.<\/strong><\/p>\n\n\n\n<p>El titular saliente del cuerpo, Dr. Jorge Levingston, recepcion\u00f3 el juramento del flamante magistrado ante la presencia del Gobernador de la provincia de San Luis, Claudio Poggi.<\/p>\n\n\n\n<p>En su primer discurso como Presidente de la Corte provincial, Allende remarc\u00f3 la importancia del acceso a la justicia y de ser m\u00e1s claros a la hora de comunicar las decisiones judiciales.<\/p>\n\n\n\n<p>\u201cTenemos que trabajar m\u00e1s en acercar la justicia a la gente muchas veces pasa que uno crea sistemas de acceso, informaci\u00f3n que cuesta dise\u00f1ar, pero quiz\u00e1s la gente no lo conoce, entonces hay que hacerlos conocido\u201d.<\/p>\n\n\n\n<p>Y agreg\u00f3: \u201cQueremos trabajar mucho en la pol\u00edtica de lenguaje claro y en la redacci\u00f3n de resoluciones que cualquier persona pueda entender lo que estamos diciendo, lo que estamos resolviendo\u201d.<\/p>\n","protected":false},"excerpt":{"rendered":"<p>El Rector Marcelo Sosa y el Vicerrector Santiago Farenga, junto a integrantes del equipo de gesti\u00f3n, participaron este jueves por la ma\u00f1ana del acto de asunci\u00f3n del Dr. Eduardo Segundo Allende, como nuevo Presidente del Superior Tribunal de Justicia por el periodo 2024-2025.<\/p>\n","protected":false},"author":4,"featured_media":11786,"comment_status":"closed","ping_status":"closed","sticky":false,"template":"","format":"standard","meta":{"footnotes":""},"categories":[4],"tags":[],"class_list":["post-11785","post","type-post","status-publish","format-standard","has-post-thumbnail","hentry","category-la-provincia"],"_links":{"self":[{"href":"https:\/\/lavozpuntana.com\/index.php?rest_route=\/wp\/v2\/posts\/11785","targetHints":{"allow":["GET"]}}],"collection":[{"href":"https:\/\/lavozpuntana.com\/index.php?rest_route=\/wp\/v2\/posts"}],"about":[{"href":"https:\/\/lavozpuntana.com\/index.php?rest_route=\/wp\/v2\/types\/post"}],"author":[{"embeddable":true,"href":"https:\/\/lavozpuntana.com\/index.php?rest_route=\/wp\/v2\/users\/4"}],"replies":[{"embeddable":true,"href":"https:\/\/lavozpuntana.com\/index.php?rest_route=%2Fwp%2Fv2%2Fcomments&post=11785"}],"version-history":[{"count":1,"href":"https:\/\/lavozpuntana.com\/index.php?rest_route=\/wp\/v2\/posts\/11785\/revisions"}],"predecessor-version":[{"id":11787,"href":"https:\/\/lavozpuntana.com\/index.php?rest_route=\/wp\/v2\/posts\/11785\/revisions\/11787"}],"wp:featuredmedia":[{"embeddable":true,"href":"https:\/\/lavozpuntana.com\/index.php?rest_route=\/wp\/v2\/media\/11786"}],"wp:attachment":[{"href":"https:\/\/lavozpuntana.com\/index.php?rest_route=%2Fwp%2Fv2%2Fmedia&parent=11785"}],"wp:term":[{"taxonomy":"category","embeddable":true,"href":"https:\/\/lavozpuntana.com\/index.php?rest_route=%2Fwp%2Fv2%2Fcategories&post=11785"},{"taxonomy":"post_tag","embeddable":true,"href":"https:\/\/lavozpuntana.com\/index.php?rest_route=%2Fwp%2Fv2%2Ftags&post=11785"}],"curies":[{"name":"wp","href":"https:\/\/api.w.org\/{rel}","templated":true}]}}