{"id":11804,"date":"2024-02-05T17:01:48","date_gmt":"2024-02-05T20:01:48","guid":{"rendered":"https:\/\/lavozpuntana.com\/?p=11804"},"modified":"2024-02-05T17:01:50","modified_gmt":"2024-02-05T20:01:50","slug":"bukele-le-ofrecio-a-patricia-bullrich-lo-que-necesite-en-todos-los-temas-de-seguridad","status":"publish","type":"post","link":"https:\/\/lavozpuntana.com\/?p=11804","title":{"rendered":"BUKELE LE OFRECI\u00d3 A PATRICIA BULLRICH LO QUE NECESITE \u201cEN TODOS LOS TEMAS DE SEGURIDAD\u201d"},"content":{"rendered":"\n<figure class=\"wp-block-image size-large\"><img loading=\"lazy\" decoding=\"async\" width=\"1004\" height=\"565\" src=\"http:\/\/lavozpuntana.com\/wp-content\/uploads\/2024\/02\/603b9dbf94463_1200.jpg\" alt=\"\" class=\"wp-image-11805\" srcset=\"https:\/\/lavozpuntana.com\/wp-content\/uploads\/2024\/02\/603b9dbf94463_1200.jpg 1004w, https:\/\/lavozpuntana.com\/wp-content\/uploads\/2024\/02\/603b9dbf94463_1200-300x169.jpg 300w, https:\/\/lavozpuntana.com\/wp-content\/uploads\/2024\/02\/603b9dbf94463_1200-768x432.jpg 768w, https:\/\/lavozpuntana.com\/wp-content\/uploads\/2024\/02\/603b9dbf94463_1200-800x450.jpg 800w\" sizes=\"auto, (max-width: 1004px) 100vw, 1004px\" \/><\/figure>\n\n\n\n<p><strong>El mandatario salvadore\u00f1o, que acaba de ser reelecto, asegur\u00f3 que \u201chay similitudes\u201d entre los dos pa\u00edses, tanto culturales, como de \u201cproblemas delincuenciales, que se forman generalmente producto de la pobreza\u201d,<\/strong><\/p>\n\n\n\n<p>El presidente salvadore\u00f1o, Nayib Bukele, quien el domingo fue reelecto con un contundente 85% de los votos, confirm\u00f3 este lunes que mantiene v\u00ednculos de cooperaci\u00f3n con su par argentino, Javier Milei, a quien le ofreci\u00f3 \u201ccolaboraci\u00f3n en todos los temas de seguridad\u201d.<\/p>\n\n\n\n<p>\u201cLas medidas que pueden ser compartidas por parte de nosotros para Argentina, de repente no tendr\u00edan que ser tan dr\u00e1sticas porque no tienen problemas tan grandes como el nuestro. Ante problemas m\u00e1s peque\u00f1os, tal vez el medicamento puede ser m\u00e1s peque\u00f1o\u201d, sostuvo Bukele en una rueda de prensa ofrecida ayer, d\u00eda de la elecci\u00f3n, seg\u00fan publica el diario salvadore\u00f1o La Prensa Gr\u00e1fica.<\/p>\n\n\n\n<p>Por otro lado, el mandatario mencion\u00f3 que \u201chay similitudes\u201d entre los dos pa\u00edses, tanto culturales, como de \u201cproblemas delincuenciales, que se forman generalmente producto de la pobreza\u201d, por lo que \u201cse puede tomar como ejemplo lo que est\u00e1 pasando en El Salvador\u201d.<\/p>\n\n\n\n<p>En ese sentido, Bukele confirm\u00f3 que su gobierno le ofreci\u00f3 a la ministra de Seguridad argentina, Patricia Bullrich, \u201cla colaboraci\u00f3n que ellos necesitan en todos los temas de seguridad\u201d.<\/p>\n\n\n\n<p>\u201cYo creer\u00eda que el problema en Argentina es m\u00e1s peque\u00f1o, aunque preocupante, sobre todo en Rosario y algunas zonas, pero es m\u00e1s peque\u00f1o que en El Salvador y, por ende, si bien se pueden aplicar algunas cosas -y ser\u00eda, creo yo, positivo aplicarlas-, no tendr\u00eda que ser tan dr\u00e1stico porque el problema, comparado con lo que ten\u00edamos anteriormente en El Salvador, que era la capital mundial de homicidios, es bastante menor como para aplicar estas medidas\u201d, dijo el mandatario salvadore\u00f1o.<\/p>\n\n\n\n<p>Bukele coment\u00f3 adem\u00e1s sobre la conversaci\u00f3n telef\u00f3nica \u201cbastante larga\u201d que mantuvo con Milei despu\u00e9s de que ganara las elecciones en la Argentina y antes de asumir, el \u00faltimo 10 de diciembre, y que ese fue su \u00fanico contacto directo hasta el momento.<\/p>\n\n\n\n<p>\u201cMe dio un panorama de Argentina muy dif\u00edcil, y, sobre todo en lo econ\u00f3mico, el tema de las divisas, de la inflaci\u00f3n, etc\u00e9tera. Va a ser muy duro de cualquier manera que se haga. Entiendo que hay gente con mucho talento y mucha gente inteligente con \u00e9l, aparte de que \u00e9l es una persona inteligente tambi\u00e9n, pero va a ser dif\u00edcil resolverlo\u201d, se\u00f1al\u00f3.<\/p>\n\n\n\n<p>\u201cS\u00e9 que es un problema del tama\u00f1o -am\u00e9n de las diferencias entre la econom\u00eda y la seguridad-, pero de ese tama\u00f1o, en el tema econ\u00f3mico\u201d, agreg\u00f3, al equiparar la gravedad de la situaci\u00f3n econ\u00f3mica en la Argentina con el problema de seguridad que ten\u00eda El Salvador.<\/p>\n\n\n\n<p>\u201cLe deseo lo mejor (a Milei), y si podemos colaborar con algo, somos un pa\u00eds muy peque\u00f1o para colaborar con lo econ\u00f3mico, pero si podemos colaborar con lo que sea, tema seguridad, cooperaci\u00f3n o lo que sea, estaremos a la orden\u201d, cerr\u00f3 el mandatario.<\/p>\n\n\n\n<p>La colaboraci\u00f3n entre la Argentina y El Salvador en materia de seguridad fue un tema central en la reuni\u00f3n de Bullrich con el ministro de Seguridad salvadore\u00f1o, Gustavo Villatoro, en Buenos Aires el d\u00eda previo a la asunci\u00f3n de Milei.<\/p>\n\n\n\n<p>Tras el encuentro, la ministra dijo a trav\u00e9s de su cuenta de X que hab\u00edan discutido \u201cestrategias efectivas en la lucha contra el narcotr\u00e1fico y las mafias. Compartimos experiencias valiosas que sirven para fortalecer las acciones en materia de seguridad ciudadana\u201d.<\/p>\n\n\n\n<p>Villatoro fue el enviado del gobierno salvadore\u00f1o a la asunci\u00f3n de Milei, dado que Bukele hab\u00eda iniciado ese mismo mes una licencia por seis meses para poder presentarse a la reelecci\u00f3n inmediata.<\/p>\n\n\n\n<p>Esta semana, el ministro del Interior, Guillermo Francos, elogi\u00f3 la intenci\u00f3n de Bukele de reformar la Asamblea para achicar el n\u00famero de integrantes. \u201cNo me preocupa que haya muchos oradores y expresi\u00f3n, pero habr\u00eda que pensar si no tenemos un Congreso con demasiado gente\u201d, dijo en una entrevista radial.<\/p>\n\n\n\n<p>\u201cEn conjunto deber\u00edamos pensar c\u00f3mo conseguir instituciones m\u00e1s eficientes. No es que el Gobierno est\u00e9 pensando esa reforma ahora\u201d, agreg\u00f3 el ministro argentino.<\/p>\n\n\n\n<p>Fuente: Telam. <\/p>\n","protected":false},"excerpt":{"rendered":"<p>El mandatario salvadore\u00f1o, que acaba de ser reelecto, asegur\u00f3 que \u201chay similitudes\u201d entre los dos pa\u00edses, tanto culturales, como de \u201cproblemas delincuenciales, que se forman generalmente producto de la pobreza\u201d,<\/p>\n","protected":false},"author":4,"featured_media":11805,"comment_status":"closed","ping_status":"closed","sticky":false,"template":"","format":"standard","meta":{"footnotes":""},"categories":[5],"tags":[],"class_list":["post-11804","post","type-post","status-publish","format-standard","has-post-thumbnail","hentry","category-el-pais"],"_links":{"self":[{"href":"https:\/\/lavozpuntana.com\/index.php?rest_route=\/wp\/v2\/posts\/11804","targetHints":{"allow":["GET"]}}],"collection":[{"href":"https:\/\/lavozpuntana.com\/index.php?rest_route=\/wp\/v2\/posts"}],"about":[{"href":"https:\/\/lavozpuntana.com\/index.php?rest_route=\/wp\/v2\/types\/post"}],"author":[{"embeddable":true,"href":"https:\/\/lavozpuntana.com\/index.php?rest_route=\/wp\/v2\/users\/4"}],"replies":[{"embeddable":true,"href":"https:\/\/lavozpuntana.com\/index.php?rest_route=%2Fwp%2Fv2%2Fcomments&post=11804"}],"version-history":[{"count":1,"href":"https:\/\/lavozpuntana.com\/index.php?rest_route=\/wp\/v2\/posts\/11804\/revisions"}],"predecessor-version":[{"id":11806,"href":"https:\/\/lavozpuntana.com\/index.php?rest_route=\/wp\/v2\/posts\/11804\/revisions\/11806"}],"wp:featuredmedia":[{"embeddable":true,"href":"https:\/\/lavozpuntana.com\/index.php?rest_route=\/wp\/v2\/media\/11805"}],"wp:attachment":[{"href":"https:\/\/lavozpuntana.com\/index.php?rest_route=%2Fwp%2Fv2%2Fmedia&parent=11804"}],"wp:term":[{"taxonomy":"category","embeddable":true,"href":"https:\/\/lavozpuntana.com\/index.php?rest_route=%2Fwp%2Fv2%2Fcategories&post=11804"},{"taxonomy":"post_tag","embeddable":true,"href":"https:\/\/lavozpuntana.com\/index.php?rest_route=%2Fwp%2Fv2%2Ftags&post=11804"}],"curies":[{"name":"wp","href":"https:\/\/api.w.org\/{rel}","templated":true}]}}