{"id":11813,"date":"2024-02-05T17:25:33","date_gmt":"2024-02-05T20:25:33","guid":{"rendered":"https:\/\/lavozpuntana.com\/?p=11813"},"modified":"2024-02-05T17:25:34","modified_gmt":"2024-02-05T20:25:34","slug":"el-rey-carlos-iii-de-inglaterra-fue-diagnosticado-de-cancer","status":"publish","type":"post","link":"https:\/\/lavozpuntana.com\/?p=11813","title":{"rendered":"EL REY CARLOS III DE INGLATERRA FUE DIAGNOSTICADO DE C\u00c1NCER"},"content":{"rendered":"\n<figure class=\"wp-block-image size-large\"><img loading=\"lazy\" decoding=\"async\" width=\"950\" height=\"534\" src=\"http:\/\/lavozpuntana.com\/wp-content\/uploads\/2024\/02\/rey-carlos-iii-1750497.jpg\" alt=\"\" class=\"wp-image-11814\" srcset=\"https:\/\/lavozpuntana.com\/wp-content\/uploads\/2024\/02\/rey-carlos-iii-1750497.jpg 950w, https:\/\/lavozpuntana.com\/wp-content\/uploads\/2024\/02\/rey-carlos-iii-1750497-300x169.jpg 300w, https:\/\/lavozpuntana.com\/wp-content\/uploads\/2024\/02\/rey-carlos-iii-1750497-768x432.jpg 768w, https:\/\/lavozpuntana.com\/wp-content\/uploads\/2024\/02\/rey-carlos-iii-1750497-800x450.jpg 800w\" sizes=\"auto, (max-width: 950px) 100vw, 950px\" \/><\/figure>\n\n\n\n<p><strong>La noticia la confirm\u00f3 el Palacio de Buckingham. El monarca se mantendr\u00e1 alejado de sus funciones p\u00fablicas por el momento.<\/strong><\/p>\n\n\n\n<p>El Palacio de Buckingham inform\u00f3 este lunes que el Rey Carlos III de Reino Unido sufre \u201cuna forma de c\u00e1ncer\u201d. Seg\u00fan se inform\u00f3, \u201cha comenzado hoy un calendario de tratamientos regulares, tiempo durante el cual los m\u00e9dicos aconsejan posponer las tareas p\u00fablicas\u201d.<\/p>\n\n\n\n<p>En el comunicado oficial que se difundi\u00f3 a trav\u00e9s de las redes sociales no se especifica el tipo de tumor maligno que padece. Una fuente de la realeza dijo que no era c\u00e1ncer prost\u00e1tico.<\/p>\n\n\n\n<p>El monarca pas\u00f3 tres noches hospitalizado el mes pasado despu\u00e9s de someterse a un procedimiento correctivo por agrandamiento de la pr\u00f3stata, cuando los m\u00e9dicos detectaron un asunto preocupante.<\/p>\n\n\n\n<p>El palacio agradeci\u00f3 en nombre del Rey al equipo m\u00e9dico por la reciente intervenci\u00f3n y aclararon que \u201cCuando termine este per\u00edodo, su Majestad retomar\u00e1 sus asuntos de Estado, como hace de manera habitual\u201d, escribieron.<\/p>\n\n\n\n<p>Carlos, de 75 a\u00f1os, que se convirti\u00f3 en rey en septiembre de 2022 tras la muerte de su madre, la reina Isabel, se encuentra \u00abtotalmente positivo\u00bb sobre su tratamiento y espera volver a sus funciones p\u00fablicas tan pronto como sea posible, dijo el palacio.<\/p>\n\n\n\n<p>\u00abSu Majestad ha comenzado hoy un programa de tratamiento regular, durante el cual los m\u00e9dicos le han aconsejado que posponga sus obligaciones de cara al p\u00fablico\u00bb, dijo el palacio. \u00abA lo largo de este periodo, Su Majestad seguir\u00e1 ocup\u00e1ndose de los asuntos de Estado y de los asuntos oficiales como de costumbre\u00bb, agreg\u00f3.<\/p>\n\n\n\n<p>El pr\u00edncipe Enrique, hijo menor del Rey Carlos, ha conversado con su padre sobre el diagn\u00f3stico de c\u00e1ncer y viajar\u00e1 al Reino Unido para verlo en los pr\u00f3ximos d\u00edas, dijo una fuente cercana.<\/p>\n\n\n\n<p>Enrique vive ahora en California con su esposa Meghan y sus dos hijos luego de que la pareja abandonara sus obligaciones reales en 2020.<\/p>\n\n\n\n<p>La noticia se produce pocos d\u00edas despu\u00e9s de que Carlos y su nuera Catalina abandonaran el mismo hospital donde hab\u00edan sido sometidos a tratamientos programados.<\/p>\n\n\n\n<p>Catalina, princesa de Gales y esposa del heredero al trono brit\u00e1nico, el pr\u00edncipe Guillermo, pas\u00f3 dos semanas en el hospital tras una operaci\u00f3n abdominal.<\/p>\n\n\n\n<p>El primer ministro brit\u00e1nico, Rishi Sunak, envi\u00f3 un mensaje al rey en la plataforma X. \u00abDeseamos a su majestad una pronta y total recuperaci\u00f3n. No tengo ninguna duda de que recobrar\u00e1 todas sus fuerzas en poco tiempo y s\u00e9 que todo el pa\u00eds le desea lo mejor\u00bb.<\/p>\n\n\n\n<p>Con informaci\u00f3n de Reuters.<\/p>\n","protected":false},"excerpt":{"rendered":"<p>La noticia la confirm\u00f3 el Palacio de Buckingham. El monarca se mantendr\u00e1 alejado de sus funciones p\u00fablicas por el momento.<\/p>\n","protected":false},"author":4,"featured_media":11814,"comment_status":"closed","ping_status":"closed","sticky":false,"template":"","format":"standard","meta":{"footnotes":""},"categories":[6],"tags":[],"class_list":["post-11813","post","type-post","status-publish","format-standard","has-post-thumbnail","hentry","category-el-mundo"],"_links":{"self":[{"href":"https:\/\/lavozpuntana.com\/index.php?rest_route=\/wp\/v2\/posts\/11813","targetHints":{"allow":["GET"]}}],"collection":[{"href":"https:\/\/lavozpuntana.com\/index.php?rest_route=\/wp\/v2\/posts"}],"about":[{"href":"https:\/\/lavozpuntana.com\/index.php?rest_route=\/wp\/v2\/types\/post"}],"author":[{"embeddable":true,"href":"https:\/\/lavozpuntana.com\/index.php?rest_route=\/wp\/v2\/users\/4"}],"replies":[{"embeddable":true,"href":"https:\/\/lavozpuntana.com\/index.php?rest_route=%2Fwp%2Fv2%2Fcomments&post=11813"}],"version-history":[{"count":1,"href":"https:\/\/lavozpuntana.com\/index.php?rest_route=\/wp\/v2\/posts\/11813\/revisions"}],"predecessor-version":[{"id":11815,"href":"https:\/\/lavozpuntana.com\/index.php?rest_route=\/wp\/v2\/posts\/11813\/revisions\/11815"}],"wp:featuredmedia":[{"embeddable":true,"href":"https:\/\/lavozpuntana.com\/index.php?rest_route=\/wp\/v2\/media\/11814"}],"wp:attachment":[{"href":"https:\/\/lavozpuntana.com\/index.php?rest_route=%2Fwp%2Fv2%2Fmedia&parent=11813"}],"wp:term":[{"taxonomy":"category","embeddable":true,"href":"https:\/\/lavozpuntana.com\/index.php?rest_route=%2Fwp%2Fv2%2Fcategories&post=11813"},{"taxonomy":"post_tag","embeddable":true,"href":"https:\/\/lavozpuntana.com\/index.php?rest_route=%2Fwp%2Fv2%2Ftags&post=11813"}],"curies":[{"name":"wp","href":"https:\/\/api.w.org\/{rel}","templated":true}]}}