{"id":11828,"date":"2024-02-07T10:44:15","date_gmt":"2024-02-07T13:44:15","guid":{"rendered":"https:\/\/lavozpuntana.com\/?p=11828"},"modified":"2024-02-07T10:44:17","modified_gmt":"2024-02-07T13:44:17","slug":"el-gobernador-firmo-el-decreto-de-la-beca-al-merito","status":"publish","type":"post","link":"https:\/\/lavozpuntana.com\/?p=11828","title":{"rendered":"EL GOBERNADOR FIRM\u00d3 EL DECRETO DE LA BECA AL M\u00c9RITO"},"content":{"rendered":"\n<figure class=\"wp-block-image size-large\"><img loading=\"lazy\" decoding=\"async\" width=\"1024\" height=\"682\" src=\"http:\/\/lavozpuntana.com\/wp-content\/uploads\/2024\/02\/WhatsApp-Image-2024-02-06-at-19.26.10-1024x682.jpeg\" alt=\"\" class=\"wp-image-11829\" srcset=\"https:\/\/lavozpuntana.com\/wp-content\/uploads\/2024\/02\/WhatsApp-Image-2024-02-06-at-19.26.10-1024x682.jpeg 1024w, https:\/\/lavozpuntana.com\/wp-content\/uploads\/2024\/02\/WhatsApp-Image-2024-02-06-at-19.26.10-300x200.jpeg 300w, https:\/\/lavozpuntana.com\/wp-content\/uploads\/2024\/02\/WhatsApp-Image-2024-02-06-at-19.26.10-768x511.jpeg 768w, https:\/\/lavozpuntana.com\/wp-content\/uploads\/2024\/02\/WhatsApp-Image-2024-02-06-at-19.26.10.jpeg 1280w\" sizes=\"auto, (max-width: 1024px) 100vw, 1024px\" \/><\/figure>\n\n\n\n<p><strong>Claudio Poggi rubric\u00f3 este martes el documento que establece la puesta en marcha oficial de la Beca al M\u00e9rito, una pol\u00edtica educativa que naci\u00f3 en el a\u00f1o 2013 por el actual mandatario y que se reactiva para ayudar a los estudiantes en el cursado de carreras de educaci\u00f3n superior.<\/strong><\/p>\n\n\n\n<p>El decreto detalla y especifica el esp\u00edritu de la Beca al M\u00e9rito, qui\u00e9nes podr\u00e1n hacer uso del beneficio econ\u00f3mico, la duraci\u00f3n de la misma y el criterio definido.<\/p>\n\n\n\n<p>El objetivo del beneficio es reconocer el m\u00e9rito y el esfuerzo acad\u00e9mico, fomentar la continuidad de los estudios superiores y disminuir la brecha entre el secundario y la educaci\u00f3n superior, en este caso eliminando la barrera econ\u00f3mica<\/p>\n\n\n\n<p>El Gobernador firm\u00f3 el decreto en compa\u00f1\u00eda del ministro de Educaci\u00f3n, Guillermo Araujo.<\/p>\n\n\n\n<p>Los puntos centrales de la Beca al M\u00e9rito<\/p>\n\n\n\n<p>La recibir\u00e1n los tres mejores promedios que egresen de las escuelas secundarias de gesti\u00f3n p\u00fablica y de gesti\u00f3n privada de toda la provincia, en todas sus modalidades.<\/p>\n\n\n\n<p>En el caso de las escuelas rurales, donde los alumnos que egresan son uno o dos, la beca la recibir\u00e1 solo el mejor promedio.<\/p>\n\n\n\n<p>El monto a percibir ser\u00e1 de $200.000 mensuales y se actualizar\u00e1 trimestralmente.<\/p>\n\n\n\n<p>Se entregar\u00e1 al alumno durante la duraci\u00f3n del estudio de la carrera elegida y 6 meses m\u00e1s para permitir rendir las \u00faltimas materias de la carrera respectiva.<\/p>\n\n\n\n<p>Regir\u00e1 durante toda la gesti\u00f3n del gobernador Claudio Poggi por lo que se entregar\u00e1 en 2024, 2025, 2026 y 2027.<\/p>\n\n\n\n<p>Los mejores promedios egresados en 2023 tambi\u00e9n recibir\u00e1n el beneficio y el primer pago se har\u00e1 efectivo en marzo.<\/p>\n\n\n\n<p>Para mantener la beca deber\u00e1n ser alumnos regulares de la carrera elegida, esto significa tener aprobado cada a\u00f1o el 75% de las materias y presentar peri\u00f3dicamente la documentaci\u00f3n que as\u00ed lo acredite.<\/p>\n\n\n\n<p>Como contraprestaci\u00f3n, una vez egresados deber\u00e1n ejercer en la provincia su actividad profesional como m\u00ednimo durante el plazo que dur\u00f3 la beca.<\/p>\n\n\n\n<p>Los beneficiarios deber\u00e1n ser tutores de alg\u00fan alumno del secundario de su respectiva escuela que necesite apoyo, su misi\u00f3n ser\u00e1 ayudarlos a mejorar sus rendimientos.<\/p>\n","protected":false},"excerpt":{"rendered":"<p>Claudio Poggi rubric\u00f3 este martes el documento que establece la puesta en marcha oficial de la Beca al M\u00e9rito, una pol\u00edtica educativa que naci\u00f3 en el a\u00f1o 2013 por el actual mandatario y que se reactiva para ayudar a los estudiantes en el cursado de carreras de educaci\u00f3n superior.<\/p>\n","protected":false},"author":4,"featured_media":11829,"comment_status":"closed","ping_status":"closed","sticky":false,"template":"","format":"standard","meta":{"footnotes":""},"categories":[4],"tags":[],"class_list":["post-11828","post","type-post","status-publish","format-standard","has-post-thumbnail","hentry","category-la-provincia"],"_links":{"self":[{"href":"https:\/\/lavozpuntana.com\/index.php?rest_route=\/wp\/v2\/posts\/11828","targetHints":{"allow":["GET"]}}],"collection":[{"href":"https:\/\/lavozpuntana.com\/index.php?rest_route=\/wp\/v2\/posts"}],"about":[{"href":"https:\/\/lavozpuntana.com\/index.php?rest_route=\/wp\/v2\/types\/post"}],"author":[{"embeddable":true,"href":"https:\/\/lavozpuntana.com\/index.php?rest_route=\/wp\/v2\/users\/4"}],"replies":[{"embeddable":true,"href":"https:\/\/lavozpuntana.com\/index.php?rest_route=%2Fwp%2Fv2%2Fcomments&post=11828"}],"version-history":[{"count":1,"href":"https:\/\/lavozpuntana.com\/index.php?rest_route=\/wp\/v2\/posts\/11828\/revisions"}],"predecessor-version":[{"id":11830,"href":"https:\/\/lavozpuntana.com\/index.php?rest_route=\/wp\/v2\/posts\/11828\/revisions\/11830"}],"wp:featuredmedia":[{"embeddable":true,"href":"https:\/\/lavozpuntana.com\/index.php?rest_route=\/wp\/v2\/media\/11829"}],"wp:attachment":[{"href":"https:\/\/lavozpuntana.com\/index.php?rest_route=%2Fwp%2Fv2%2Fmedia&parent=11828"}],"wp:term":[{"taxonomy":"category","embeddable":true,"href":"https:\/\/lavozpuntana.com\/index.php?rest_route=%2Fwp%2Fv2%2Fcategories&post=11828"},{"taxonomy":"post_tag","embeddable":true,"href":"https:\/\/lavozpuntana.com\/index.php?rest_route=%2Fwp%2Fv2%2Ftags&post=11828"}],"curies":[{"name":"wp","href":"https:\/\/api.w.org\/{rel}","templated":true}]}}