{"id":11831,"date":"2024-02-07T10:50:14","date_gmt":"2024-02-07T13:50:14","guid":{"rendered":"https:\/\/lavozpuntana.com\/?p=11831"},"modified":"2024-02-07T10:50:16","modified_gmt":"2024-02-07T13:50:16","slug":"el-gobierno-anuncio-reducciones-impositivas-para-quienes-generen-picadas-cortafuegos","status":"publish","type":"post","link":"https:\/\/lavozpuntana.com\/?p=11831","title":{"rendered":"EL GOBIERNO ANUNCI\u00d3 REDUCCIONES IMPOSITIVAS PARA QUIENES GENEREN PICADAS CORTAFUEGOS"},"content":{"rendered":"\n<figure class=\"wp-block-image size-large\"><img loading=\"lazy\" decoding=\"async\" width=\"1024\" height=\"576\" src=\"http:\/\/lavozpuntana.com\/wp-content\/uploads\/2024\/02\/WhatsApp-Image-2024-02-06-at-15.20.26-1536x864-1-1024x576.jpeg\" alt=\"\" class=\"wp-image-11832\" srcset=\"https:\/\/lavozpuntana.com\/wp-content\/uploads\/2024\/02\/WhatsApp-Image-2024-02-06-at-15.20.26-1536x864-1-1024x576.jpeg 1024w, https:\/\/lavozpuntana.com\/wp-content\/uploads\/2024\/02\/WhatsApp-Image-2024-02-06-at-15.20.26-1536x864-1-300x169.jpeg 300w, https:\/\/lavozpuntana.com\/wp-content\/uploads\/2024\/02\/WhatsApp-Image-2024-02-06-at-15.20.26-1536x864-1-768x432.jpeg 768w, https:\/\/lavozpuntana.com\/wp-content\/uploads\/2024\/02\/WhatsApp-Image-2024-02-06-at-15.20.26-1536x864-1-800x450.jpeg 800w, https:\/\/lavozpuntana.com\/wp-content\/uploads\/2024\/02\/WhatsApp-Image-2024-02-06-at-15.20.26-1536x864-1.jpeg 1536w\" sizes=\"auto, (max-width: 1024px) 100vw, 1024px\" \/><\/figure>\n\n\n\n<p><strong>El 50% del gasto generado en picadas cortafuegos ser\u00e1 deducible al momento de pagar Ingresos Brutos para quienes cumplan las normativas vigentes sobre manejo del fuego.<\/strong><\/p>\n\n\n\n<p>En los \u00faltimos cinco a\u00f1os, San Luis siempre estuvo entre las provincias que m\u00e1s hect\u00e1reas incendiadas registr\u00f3. En 2023 fue la provincia que mayor superficie perdi\u00f3 por el fuego a nivel federal, con aproximadamente 129 mil hect\u00e1reas quemadas. Las cifras requieren de una fuerte respuesta y acciones que les permitan a los productores realizar las picadas sin perjudicar demasiado su ajustada rentabilidad.<\/p>\n\n\n\n<p>\u201cAccedimos a una reducci\u00f3n del 50% del gasto en picadas cortafuegos porque queremos que se efectivice el cumplimiento de la ley, facilitando la regularizaci\u00f3n de aquellos campos que a\u00fan no cumplen con la normativa vigente\u201d, afirm\u00f3 la jefa del \u00e1rea de Prevenci\u00f3n de Emergencias y Combate de Incendios Forestales, Agostina Auderut.<\/p>\n\n\n\n<p>Ambiente y Desarrollo Sustentable est\u00e1 realizando capacitaciones en las jornadas productivas \u2018San Luis se activa\u2019 para explicarles a los productores la importancia de disminuir incendios que dejan \u2018tierra arrasada\u2019, escena que se repite a\u00f1o tras a\u00f1o en la estaci\u00f3n seca. \u201cLos incidentes no tienen que volverse de magnitudes incontrolables, por eso insistimos en trabajar juntos para evitar por un lado las p\u00e9rdidas millonarias de capital resguardando la inversi\u00f3n, el esfuerzo privado; y por otro la fauna y flora aut\u00f3ctona que surcan nuestro territorio. Los da\u00f1os causados por los incendios tienen consecuencias en el muy largo plazo, m\u00ednimamente unos 50 a\u00f1os para recuperar los bosques, y casi en 500 a\u00f1os se lograr\u00eda recuperar la fertilidad del suelo\u201d, se\u00f1al\u00f3.<\/p>\n\n\n\n<p>La normativa local establece los presupuestos m\u00ednimos de protecci\u00f3n ambiental en materia de incendios forestales y rurales, normados por la Ley Nacional N\u00b026.815 de \u2018Manejo del Fuego\u2019 y tiene por objeto regular el uso del fuego como herramienta de manejo y\/o control del medio ambiente y establecer acciones, normas y procedimientos para la prevenci\u00f3n, presupresi\u00f3n y lucha contra incendios en \u00e1reas rurales, forestales y de interfase en todo el territorio provincial, comprendiendo las acciones para la restauraci\u00f3n de las \u00e1reas afectadas.<\/p>\n\n\n\n<p>Por qu\u00e9 ocurren los incendios<\/p>\n\n\n\n<p>El factor m\u00e1s importante para la producci\u00f3n de incendios es el humano. Seg\u00fan datos del Servicio Nacional de Manejo del Fuego, en el 95% de los casos los incendios son provocados por la acci\u00f3n humana, y entre las primeras causas se encuentra el uso del fuego para la preparaci\u00f3n de \u00e1reas de pastoreo.<\/p>\n\n\n\n<p>Seg\u00fan los especialistas, adem\u00e1s existen algunos factores naturales que contribuyen a esta situaci\u00f3n, a pesar de que no son la causa principal de lo que est\u00e1 ocurriendo, como el cambio clim\u00e1tico, la sequ\u00eda que se extendi\u00f3 por m\u00e1s de tres a\u00f1os y el fen\u00f3meno de \u2018La Ni\u00f1a\u2019 -que finaliz\u00f3 en 2022-.<\/p>\n\n\n\n<p>El cambio clim\u00e1tico que atravesamos hace m\u00e1s severos y extremos los procesos de inundaciones o sequ\u00edas, y eso aumenta el riesgo de los incendios y lo voraces que pueden ser. Lo preocupante es que los fuegos se mantienen a lo largo de todo el a\u00f1o y los ecosistemas van a llegar a un punto en que ya no van a dar m\u00e1s. Tienen poder de resiliencia, pero esta continuidad de incendios en mayor o menor escala por tanto tiempo va a poner en riesgo la integridad ecol\u00f3gica de los ecosistemas. No se debe acostumbrar a tener, en mayor o menor grado, incendios a lo largo del pa\u00eds.<\/p>\n\n\n\n<p>Requisitos para solicitar picadas cortafuego:<\/p>\n\n\n\n<p>Nota solicitando autorizaci\u00f3n para hacer la picada, especificando ancho, longitud, coordenadas de inicio y fin de cada una de ellas.<\/p>\n\n\n\n<p>Documentaci\u00f3n: copia del documento del solicitante para personas f\u00edsicas. Acta constitutiva, acta de autoridades, estatuto, acta de designaci\u00f3n de representante o apoderado para personas jur\u00eddicas.<\/p>\n\n\n\n<p>Situaci\u00f3n fiscal: debe estar al d\u00eda el pago del impuesto inmobiliario de los patrones sujetos de picada.<\/p>\n\n\n\n<p>Datos: domicilio legal y real, correo electr\u00f3nico y tel\u00e9fono de contacto.<\/p>\n\n\n\n<p>Planos: plano de mensura o croquis del inmueble, datos catastrales de la propiedad solicitante con las correspondientes coordenadas de ubicaci\u00f3n.<\/p>\n\n\n\n<p>Mail de contacto: me.pmediambiente@gmail.com.<\/p>\n","protected":false},"excerpt":{"rendered":"<p>El 50% del gasto generado en picadas cortafuegos ser\u00e1 deducible al momento de pagar Ingresos Brutos para quienes cumplan las normativas vigentes sobre manejo del fuego.<\/p>\n","protected":false},"author":4,"featured_media":11832,"comment_status":"closed","ping_status":"closed","sticky":false,"template":"","format":"standard","meta":{"footnotes":""},"categories":[4],"tags":[],"class_list":["post-11831","post","type-post","status-publish","format-standard","has-post-thumbnail","hentry","category-la-provincia"],"_links":{"self":[{"href":"https:\/\/lavozpuntana.com\/index.php?rest_route=\/wp\/v2\/posts\/11831","targetHints":{"allow":["GET"]}}],"collection":[{"href":"https:\/\/lavozpuntana.com\/index.php?rest_route=\/wp\/v2\/posts"}],"about":[{"href":"https:\/\/lavozpuntana.com\/index.php?rest_route=\/wp\/v2\/types\/post"}],"author":[{"embeddable":true,"href":"https:\/\/lavozpuntana.com\/index.php?rest_route=\/wp\/v2\/users\/4"}],"replies":[{"embeddable":true,"href":"https:\/\/lavozpuntana.com\/index.php?rest_route=%2Fwp%2Fv2%2Fcomments&post=11831"}],"version-history":[{"count":1,"href":"https:\/\/lavozpuntana.com\/index.php?rest_route=\/wp\/v2\/posts\/11831\/revisions"}],"predecessor-version":[{"id":11833,"href":"https:\/\/lavozpuntana.com\/index.php?rest_route=\/wp\/v2\/posts\/11831\/revisions\/11833"}],"wp:featuredmedia":[{"embeddable":true,"href":"https:\/\/lavozpuntana.com\/index.php?rest_route=\/wp\/v2\/media\/11832"}],"wp:attachment":[{"href":"https:\/\/lavozpuntana.com\/index.php?rest_route=%2Fwp%2Fv2%2Fmedia&parent=11831"}],"wp:term":[{"taxonomy":"category","embeddable":true,"href":"https:\/\/lavozpuntana.com\/index.php?rest_route=%2Fwp%2Fv2%2Fcategories&post=11831"},{"taxonomy":"post_tag","embeddable":true,"href":"https:\/\/lavozpuntana.com\/index.php?rest_route=%2Fwp%2Fv2%2Ftags&post=11831"}],"curies":[{"name":"wp","href":"https:\/\/api.w.org\/{rel}","templated":true}]}}