{"id":11846,"date":"2024-02-08T14:18:48","date_gmt":"2024-02-08T17:18:48","guid":{"rendered":"https:\/\/lavozpuntana.com\/?p=11846"},"modified":"2024-02-08T14:18:50","modified_gmt":"2024-02-08T17:18:50","slug":"las-fuerzas-de-seguridad-podran-utilizar-armas-de-fuego-para-prevenir-fugas-en-delitos-peligrosos","status":"publish","type":"post","link":"https:\/\/lavozpuntana.com\/?p=11846","title":{"rendered":"LAS FUERZAS DE SEGURIDAD PODR\u00c1N UTILIZAR ARMAS DE FUEGO PARA PREVENIR FUGAS EN DELITOS PELIGROSOS"},"content":{"rendered":"\n<figure class=\"wp-block-image size-large\"><img loading=\"lazy\" decoding=\"async\" width=\"900\" height=\"505\" src=\"http:\/\/lavozpuntana.com\/wp-content\/uploads\/2024\/02\/patricia-bullrich-en-diputados-1735291.jpg\" alt=\"\" class=\"wp-image-11847\" srcset=\"https:\/\/lavozpuntana.com\/wp-content\/uploads\/2024\/02\/patricia-bullrich-en-diputados-1735291.jpg 900w, https:\/\/lavozpuntana.com\/wp-content\/uploads\/2024\/02\/patricia-bullrich-en-diputados-1735291-300x168.jpg 300w, https:\/\/lavozpuntana.com\/wp-content\/uploads\/2024\/02\/patricia-bullrich-en-diputados-1735291-768x431.jpg 768w, https:\/\/lavozpuntana.com\/wp-content\/uploads\/2024\/02\/patricia-bullrich-en-diputados-1735291-800x450.jpg 800w\" sizes=\"auto, (max-width: 900px) 100vw, 900px\" \/><\/figure>\n\n\n\n<p><strong>Patricia Bullrich relanzar\u00e1 el protocolo que impuls\u00f3 cuando era ministra de Seguridad durante el gobierno de Mauricio Macri, norma que hab\u00eda sido suspendida durante la gesti\u00f3n de Sabina Frederic en la administraci\u00f3n de Alberto Fern\u00e1ndez<\/strong><\/p>\n\n\n\n<p>Patricia Bullrich relanzar\u00e1 hoy, durante la tarde, el protocolo de uso de armas de fuego para fuerzas de seguridad federales que hab\u00eda instalado en su gesti\u00f3n anterior como ministra de Seguridad, y que hab\u00eda sido derogado por Sabina Frederic al poco tiempo de asumir en el cargo en diciembre de 2019, durante la administraci\u00f3n de Alberto Fern\u00e1ndez.<\/p>\n\n\n\n<p>La medida, conocida internamente como \u201cReglamento General para el Empleo de las Armas de Fuego por parte de los Miembros de las Fuerzas Federales de Seguridad\u201d, fue dictada bajo la resoluci\u00f3n ministerial 956\/2018. Seg\u00fan la norma, las fuerzas federales tendr\u00e1n mayor libertad para disparar sus armas en casos de delitos graves y persecuciones.<\/p>\n\n\n\n<p>Dicha norma afirmaba que \u201cSe har\u00e1 uso de las armas de fuego cuando resulten ineficaces otros medios no violentos, en los siguientes casos:<\/p>\n\n\n\n<p>A.) En defensa propia o de otras personas, en caso de peligro inminente de muerte o de lesiones graves.<\/p>\n\n\n\n<p>B.) Para impedir la comisi\u00f3n de un delito particularmente grave, que presente peligro inminente para la vida o la integridad f\u00edsica de las personas.<\/p>\n\n\n\n<p>C.) Para proceder a la detenci\u00f3n de quien represente ese peligro inminente y oponga resistencia a la autoridad.<\/p>\n\n\n\n<p>D.) Para impedir la fuga de quien represente ese peligro inminente, y hasta lograr su detenci\u00f3n\u201d.<\/p>\n\n\n\n<p>En su derogaci\u00f3n, Frederic afirm\u00f3 que \u201cdicha norma ampl\u00eda de manera significativa aquellas circunstancias que habilitan el uso del armamento letal por parte de los funcionarios de las fuerzas policiales y de seguridad, alej\u00e1ndose de las recomendaciones del C\u00f3digo de Conducta para Funcionarios Encargados de hacer cumplir la Ley establecido por las Naciones Unidas\u201d.<\/p>\n\n\n\n<p>Frederic asegur\u00f3, tambi\u00e9n con base en tratados internacionales, que \u201ccuando el empleo de las armas de fuego sea inevitable, los funcionarios encargados de hacer cumplir la ley deben actuar en proporci\u00f3n a la gravedad de los da\u00f1os, respetando y protegiendo la vida humana\u201d.<\/p>\n\n\n\n<p>\u201cAutorizar la utilizaci\u00f3n del armamento letal ante el mero acaecimiento de una fuga, o de resistencia a una detenci\u00f3n si quien lo hace no encuadra en una situaci\u00f3n estricta de \u201cpeligro inminente\u201d de ocasionar la muerte, o, en su caso, lesiones graves de terceras personas o del personal de las fuerzas policiales y de seguridad intervinientes, as\u00ed como habilitar su uso contra quienes portan otro tipo de armas o incluso no portan armas\u201d, asegur\u00f3 la exministra en la resoluci\u00f3n firmada para derogar la decisi\u00f3n original de Bullrich.<\/p>\n\n\n\n<p>El protocolo del Ministerio, desde ya, aplica de manera interna y no influye en las decisiones que pueda tomar la Justicia sobre efectivos acusados de los delitos de homicidios y lesiones graves, hasta cierto punto.<\/p>\n\n\n\n<p>La ministra anunci\u00f3 su nueva medida con un comunicado que incluy\u00f3 el t\u00e9rmino \u201cproteger a quienes nos protegen\u201d, una frase que hist\u00f3ricamente emple\u00f3 para apoyar al ex polic\u00eda Luis Chocobar, que fue defendido en el juicio en su contra -donde fue condenado por el delito de homicidio en exceso de cumplimiento del deber- por el abogado Fernando Soto, hoy funcionario del Ministerio de Seguridad. Chocobar, que acompa\u00f1\u00f3 a Bullrich en el primer debate presidencial, fue recibido por la ministra semanas atr\u00e1s en su despacho.<\/p>\n\n\n\n<p>Chocobar, una figura repetida en la ret\u00f3rica de la ministra, fue condenado en marzo de 2021 a 2 a\u00f1os de prisi\u00f3n y cinco de inhabilitaci\u00f3n para ejercer como funcionario p\u00fablico por haber matado al joven Juan Pablo Kukoc (18) en una secuencia que se origin\u00f3 en la ma\u00f1ana del 8 de diciembre de 2017 cuando el adolescente asesinado rob\u00f3 y acuchill\u00f3 junto a un c\u00f3mplice a un turista estadounidense en el barrio de La Boca. Kukoc llevaba el cuchillo en el bolsillo al momento de ser baleado por la espalda por Chocobar, mientras hu\u00eda. El polic\u00eda hizo varios disparos en la cuadra antes de realizar el que termin\u00f3 con la vida de Kukoc.<\/p>\n\n\n\n<p>\u201cLo m\u00e1s importante es que el tribunal dict\u00f3 una condena. Esto quiere decir que los jueces consideraron que lo que hizo Chocobar es un crimen, que ning\u00fan polic\u00eda puede hacer lo que hizo Chocobar, que eso est\u00e1 prohibido y es delictivo. La condena impide que Chocobar siga siendo polic\u00eda, y que porte un arma, para lo cual evidentemente no estaba capacitado. Eso es una garant\u00eda y un mensaje importante para toda la sociedad\u201d, hab\u00eda dicho en su momento Pablo Rovatti, titular del Programa de Asistencia y Patrocinio Jur\u00eddico de V\u00edctimas de Delitos de la Defensor\u00eda General de la Naci\u00f3n y representante de la querella en el juicio, en nombre de la madre de Kukoc.<\/p>\n\n\n\n<p>El anuncio llega en la misma semana en la que Bullrich debi\u00f3 explicar ante el juez Sebasti\u00e1n Casanello su protocolo antipiquetes, con un escrito presentado en los tribunales de Comodoro Py.<\/p>\n\n\n\n<p>Fuente: Infobae.<\/p>\n","protected":false},"excerpt":{"rendered":"<p>Patricia Bullrich relanzar\u00e1 el protocolo que impuls\u00f3 cuando era ministra de Seguridad durante el gobierno de Mauricio Macri, norma que hab\u00eda sido suspendida durante la gesti\u00f3n de Sabina Frederic en la administraci\u00f3n de Alberto Fern\u00e1ndez<\/p>\n","protected":false},"author":4,"featured_media":11847,"comment_status":"closed","ping_status":"closed","sticky":false,"template":"","format":"standard","meta":{"footnotes":""},"categories":[4],"tags":[],"class_list":["post-11846","post","type-post","status-publish","format-standard","has-post-thumbnail","hentry","category-la-provincia"],"_links":{"self":[{"href":"https:\/\/lavozpuntana.com\/index.php?rest_route=\/wp\/v2\/posts\/11846","targetHints":{"allow":["GET"]}}],"collection":[{"href":"https:\/\/lavozpuntana.com\/index.php?rest_route=\/wp\/v2\/posts"}],"about":[{"href":"https:\/\/lavozpuntana.com\/index.php?rest_route=\/wp\/v2\/types\/post"}],"author":[{"embeddable":true,"href":"https:\/\/lavozpuntana.com\/index.php?rest_route=\/wp\/v2\/users\/4"}],"replies":[{"embeddable":true,"href":"https:\/\/lavozpuntana.com\/index.php?rest_route=%2Fwp%2Fv2%2Fcomments&post=11846"}],"version-history":[{"count":1,"href":"https:\/\/lavozpuntana.com\/index.php?rest_route=\/wp\/v2\/posts\/11846\/revisions"}],"predecessor-version":[{"id":11848,"href":"https:\/\/lavozpuntana.com\/index.php?rest_route=\/wp\/v2\/posts\/11846\/revisions\/11848"}],"wp:featuredmedia":[{"embeddable":true,"href":"https:\/\/lavozpuntana.com\/index.php?rest_route=\/wp\/v2\/media\/11847"}],"wp:attachment":[{"href":"https:\/\/lavozpuntana.com\/index.php?rest_route=%2Fwp%2Fv2%2Fmedia&parent=11846"}],"wp:term":[{"taxonomy":"category","embeddable":true,"href":"https:\/\/lavozpuntana.com\/index.php?rest_route=%2Fwp%2Fv2%2Fcategories&post=11846"},{"taxonomy":"post_tag","embeddable":true,"href":"https:\/\/lavozpuntana.com\/index.php?rest_route=%2Fwp%2Fv2%2Ftags&post=11846"}],"curies":[{"name":"wp","href":"https:\/\/api.w.org\/{rel}","templated":true}]}}