{"id":11858,"date":"2024-02-09T17:39:51","date_gmt":"2024-02-09T20:39:51","guid":{"rendered":"https:\/\/lavozpuntana.com\/?p=11858"},"modified":"2024-02-09T17:39:52","modified_gmt":"2024-02-09T20:39:52","slug":"lanzaron-el-programa-prevencion-ciudadana-en-villa-mercedes","status":"publish","type":"post","link":"https:\/\/lavozpuntana.com\/?p=11858","title":{"rendered":"LANZARON EL PROGRAMA PREVENCI\u00d3N CIUDADANA EN VILLA MERCEDES"},"content":{"rendered":"\n<figure class=\"wp-block-image size-large\"><img loading=\"lazy\" decoding=\"async\" width=\"1024\" height=\"680\" src=\"http:\/\/lavozpuntana.com\/wp-content\/uploads\/2024\/02\/WhatsApp-Image-2024-02-08-at-23.07.17-1-1536x1020-1-1024x680.jpeg\" alt=\"\" class=\"wp-image-11859\" srcset=\"https:\/\/lavozpuntana.com\/wp-content\/uploads\/2024\/02\/WhatsApp-Image-2024-02-08-at-23.07.17-1-1536x1020-1-1024x680.jpeg 1024w, https:\/\/lavozpuntana.com\/wp-content\/uploads\/2024\/02\/WhatsApp-Image-2024-02-08-at-23.07.17-1-1536x1020-1-300x199.jpeg 300w, https:\/\/lavozpuntana.com\/wp-content\/uploads\/2024\/02\/WhatsApp-Image-2024-02-08-at-23.07.17-1-1536x1020-1-768x510.jpeg 768w, https:\/\/lavozpuntana.com\/wp-content\/uploads\/2024\/02\/WhatsApp-Image-2024-02-08-at-23.07.17-1-1536x1020-1.jpeg 1536w\" sizes=\"auto, (max-width: 1024px) 100vw, 1024px\" \/><\/figure>\n\n\n\n<p><strong>Al igual que hab\u00eda sucedido hace unos d\u00edas en San Luis, el gobernador Claudio Poggi aprovech\u00f3 su visita a la \u2018capital alterna\u2019 para impulsar oficialmente el programa de capacitaciones destinado a los exagentes de Seguridad Comunitaria. Los preventores adquirir\u00e1n conocimientos \u00fatiles para profesionalizar su oficio y consolidarse como el primer eslab\u00f3n de seguridad p\u00fablica.<\/strong><\/p>\n\n\n\n<p>Prevenci\u00f3n Ciudadana es una iniciativa que contempla un plan de ocho semanas de capacitaciones y formaci\u00f3n del personal que conforma la antigua Seguridad Comunitaria. El objetivo es, adem\u00e1s de dotarlos de herramientas y aprendizajes fundamentales para ejercer la tarea, integrarlos a un sistema de seguridad provincial \u00fanico, donde preventores y polic\u00edas trabajen juntos de manera complementaria. Este jueves, desde el Arena de La Pedrera, anunciaron oficialmente la implementaci\u00f3n del programa para los agentes radicados en Villa Mercedes.<\/p>\n\n\n\n<p>\u201cEsto viene a sumar a lo que ustedes ya saben, conocen y vienen haciendo. Es una capacitaci\u00f3n extra porque ustedes van a cumplir un rol clave en el contexto que estamos viviendo\u201d, les dijo el gobernador, Claudio Poggi, a los agentes de Prevenci\u00f3n Ciudadana durante el acto de lanzamiento. Adem\u00e1s, les asegur\u00f3 que se termin\u00f3 la \u00e9poca en la que deb\u00edan asistir obligados a actos pol\u00edticos para conservar sus trabajos: \u201cSon libres, solo los vamos a convocar para que se profesionalicen y puedan cumplir bien sus tareas. Estoy seguro que en dos meses voy a regresar para darles el certificado de aprobaci\u00f3n\u201d, expres\u00f3 Poggi.<\/p>\n\n\n\n<p>En el encuentro tambi\u00e9n estuvo la ministro de Seguridad, Nancy Sosa, qui\u00e9n enfatiz\u00f3 en recuperar la funci\u00f3n crucial que cumplen los agentes en el sistema provincial, y que hab\u00eda sido invisibilizado durante el \u00faltimo tiempo. \u201cEl preventor no es polic\u00eda, es m\u00e1s un educador social. Es qui\u00e9n acerca el vecino a las instituciones, el ni\u00f1o a las escuelas. Tienen que mirar, observar, comunicar e informar todo lo que sucede, implica un desaf\u00edo enorme que merece una preparaci\u00f3n especial\u201d, subray\u00f3 la funcionaria.<\/p>\n\n\n\n<p>Adem\u00e1s, la Ministro destac\u00f3 la importancia de la comunicaci\u00f3n entre las diferentes instituciones que componen el cuerpo de seguridad para responder eficientemente ante el pedido de soluciones por parte de la comunidad. \u201cLa seguridad la hacemos entre todos y ustedes (por los preventores) cumplen un rol esencial. No son un complemento del ministerio de Seguridad, son una parte de \u00e9l. Tenemos que conocernos, saber comunicarnos, ser conscientes de la importancia de nuestra tarea\u201d, resalt\u00f3 Sosa.<\/p>\n\n\n\n<p>Daniela Astorga es una de las trabajadoras que formar\u00e1 parte del plan de capacitaciones. Actualmente cumple funciones en el Policl\u00ednico Regional \u2018Juan Domingo Per\u00f3n\u2019 y asegur\u00f3 que el plan de formaci\u00f3n es necesario. \u201cNos van a ense\u00f1ar a manejarnos en ciertos momentos que son complejos. En mi caso hay gente que viene con crisis nerviosa, sobredosis, un mont\u00f3n de situaciones que no sabes c\u00f3mo actuar\u201d, explic\u00f3. Adem\u00e1s, confes\u00f3 que la necesidad de profesionalizarse es un tema que conversan entre los propios preventores: \u201cA muchos nos hacen falta cosas, RCP, primeros auxilios, la parte psicol\u00f3gica. Estamos todos muy agradecidos por la oportunidad\u201d.<\/p>\n\n\n\n<p>Fuente: Agencia de Noticias.<\/p>\n","protected":false},"excerpt":{"rendered":"<p>Al igual que hab\u00eda sucedido hace unos d\u00edas en San Luis, el gobernador Claudio Poggi aprovech\u00f3 su visita a la \u2018capital alterna\u2019 para impulsar oficialmente el programa de capacitaciones destinado a los exagentes de Seguridad Comunitaria. Los preventores adquirir\u00e1n conocimientos \u00fatiles para profesionalizar su oficio y consolidarse como el primer eslab\u00f3n de seguridad p\u00fablica.<\/p>\n","protected":false},"author":4,"featured_media":11859,"comment_status":"closed","ping_status":"closed","sticky":false,"template":"","format":"standard","meta":{"footnotes":""},"categories":[4],"tags":[],"class_list":["post-11858","post","type-post","status-publish","format-standard","has-post-thumbnail","hentry","category-la-provincia"],"_links":{"self":[{"href":"https:\/\/lavozpuntana.com\/index.php?rest_route=\/wp\/v2\/posts\/11858","targetHints":{"allow":["GET"]}}],"collection":[{"href":"https:\/\/lavozpuntana.com\/index.php?rest_route=\/wp\/v2\/posts"}],"about":[{"href":"https:\/\/lavozpuntana.com\/index.php?rest_route=\/wp\/v2\/types\/post"}],"author":[{"embeddable":true,"href":"https:\/\/lavozpuntana.com\/index.php?rest_route=\/wp\/v2\/users\/4"}],"replies":[{"embeddable":true,"href":"https:\/\/lavozpuntana.com\/index.php?rest_route=%2Fwp%2Fv2%2Fcomments&post=11858"}],"version-history":[{"count":1,"href":"https:\/\/lavozpuntana.com\/index.php?rest_route=\/wp\/v2\/posts\/11858\/revisions"}],"predecessor-version":[{"id":11860,"href":"https:\/\/lavozpuntana.com\/index.php?rest_route=\/wp\/v2\/posts\/11858\/revisions\/11860"}],"wp:featuredmedia":[{"embeddable":true,"href":"https:\/\/lavozpuntana.com\/index.php?rest_route=\/wp\/v2\/media\/11859"}],"wp:attachment":[{"href":"https:\/\/lavozpuntana.com\/index.php?rest_route=%2Fwp%2Fv2%2Fmedia&parent=11858"}],"wp:term":[{"taxonomy":"category","embeddable":true,"href":"https:\/\/lavozpuntana.com\/index.php?rest_route=%2Fwp%2Fv2%2Fcategories&post=11858"},{"taxonomy":"post_tag","embeddable":true,"href":"https:\/\/lavozpuntana.com\/index.php?rest_route=%2Fwp%2Fv2%2Ftags&post=11858"}],"curies":[{"name":"wp","href":"https:\/\/api.w.org\/{rel}","templated":true}]}}