{"id":11985,"date":"2024-02-20T09:33:48","date_gmt":"2024-02-20T12:33:48","guid":{"rendered":"https:\/\/lavozpuntana.com\/?p=11985"},"modified":"2024-02-20T09:33:50","modified_gmt":"2024-02-20T12:33:50","slug":"detuvieron-a-un-hombre-en-villa-mercedes-que-tenia-pedido-de-captura-en-la-provincia-de-mendoza","status":"publish","type":"post","link":"https:\/\/lavozpuntana.com\/?p=11985","title":{"rendered":"DETUVIERON A UN HOMBRE EN VILLA MERCEDES QUE TEN\u00cdA PEDIDO DE CAPTURA EN LA PROVINCIA DE MENDOZA"},"content":{"rendered":"\n<figure class=\"wp-block-image size-large\"><img loading=\"lazy\" decoding=\"async\" width=\"1024\" height=\"746\" src=\"http:\/\/lavozpuntana.com\/wp-content\/uploads\/2024\/02\/WhatsApp-Image-2024-02-20-at-08.01.10-1024x746.jpeg\" alt=\"\" class=\"wp-image-11986\" srcset=\"https:\/\/lavozpuntana.com\/wp-content\/uploads\/2024\/02\/WhatsApp-Image-2024-02-20-at-08.01.10-1024x746.jpeg 1024w, https:\/\/lavozpuntana.com\/wp-content\/uploads\/2024\/02\/WhatsApp-Image-2024-02-20-at-08.01.10-300x219.jpeg 300w, https:\/\/lavozpuntana.com\/wp-content\/uploads\/2024\/02\/WhatsApp-Image-2024-02-20-at-08.01.10-768x560.jpeg 768w, https:\/\/lavozpuntana.com\/wp-content\/uploads\/2024\/02\/WhatsApp-Image-2024-02-20-at-08.01.10.jpeg 1109w\" sizes=\"auto, (max-width: 1024px) 100vw, 1024px\" \/><\/figure>\n\n\n\n<p><strong>El lunes por la tarde, en la ciudad de Villa Mercedes, personal policial de la Comisar\u00eda 9\u00b0 demor\u00f3 a un hombre de 34 a\u00f1os, que ten\u00eda pedido de captura en la provincia de Mendoza.<\/strong><\/p>\n\n\n\n<p>El sujeto fue interceptado por vecinos y efectivos policiales, luego de intentar robar un auto que estaba estacionado sobre calle Pedernera al 1200.<\/p>\n\n\n\n<p>El propietario del veh\u00edculo hab\u00eda detenido su marcha en ese sitio y baj\u00f3 por un instante a un complejo deportivo. Adem\u00e1s, dej\u00f3 las llaves puestas, ya que en el asiento trasero del auto se encontraba su hijo. El delincuente quiso aprovecharse de esta situaci\u00f3n e intent\u00f3 sustraer el veh\u00edculo. Al percatarse de esto, el menor empez\u00f3 a pedir ayuda a gritos.<\/p>\n\n\n\n<p>En ese momento, gracias a la acci\u00f3n de dos personas que pasaban por el lugar, el individuo se dio a la fuga y fue detenido a la altura de las calles 3 de Febrero y Balcarce.<\/p>\n\n\n\n<p>Una vez trasladado a la dependencia policial se realizaron las tareas investigativas, las cuales arrojaron que sobre el delincuente pesa un pedido de captura de la Justicia de la provincia de Mendoza por el delito de evasi\u00f3n.<\/p>\n\n\n\n<p>En ese marco, tom\u00f3 intervenci\u00f3n la fiscal de Instrucci\u00f3n de turno de la Segunda Circunscripci\u00f3n Judicial, Dra. Daniela Torres, quien dispuso que el hombre quede detenido por la posible comisi\u00f3n de delito caratulado \u201caveriguaci\u00f3n robo calificado en grado de tentativa\u201d.<\/p>\n","protected":false},"excerpt":{"rendered":"<p>El lunes por la tarde, en la ciudad de Villa Mercedes, personal policial de la Comisar\u00eda 9\u00b0 demor\u00f3 a un hombre de 34 a\u00f1os, que ten\u00eda pedido de captura en la provincia de Mendoza.<\/p>\n","protected":false},"author":4,"featured_media":11986,"comment_status":"closed","ping_status":"closed","sticky":false,"template":"","format":"standard","meta":{"footnotes":""},"categories":[4],"tags":[],"class_list":["post-11985","post","type-post","status-publish","format-standard","has-post-thumbnail","hentry","category-la-provincia"],"_links":{"self":[{"href":"https:\/\/lavozpuntana.com\/index.php?rest_route=\/wp\/v2\/posts\/11985","targetHints":{"allow":["GET"]}}],"collection":[{"href":"https:\/\/lavozpuntana.com\/index.php?rest_route=\/wp\/v2\/posts"}],"about":[{"href":"https:\/\/lavozpuntana.com\/index.php?rest_route=\/wp\/v2\/types\/post"}],"author":[{"embeddable":true,"href":"https:\/\/lavozpuntana.com\/index.php?rest_route=\/wp\/v2\/users\/4"}],"replies":[{"embeddable":true,"href":"https:\/\/lavozpuntana.com\/index.php?rest_route=%2Fwp%2Fv2%2Fcomments&post=11985"}],"version-history":[{"count":1,"href":"https:\/\/lavozpuntana.com\/index.php?rest_route=\/wp\/v2\/posts\/11985\/revisions"}],"predecessor-version":[{"id":11987,"href":"https:\/\/lavozpuntana.com\/index.php?rest_route=\/wp\/v2\/posts\/11985\/revisions\/11987"}],"wp:featuredmedia":[{"embeddable":true,"href":"https:\/\/lavozpuntana.com\/index.php?rest_route=\/wp\/v2\/media\/11986"}],"wp:attachment":[{"href":"https:\/\/lavozpuntana.com\/index.php?rest_route=%2Fwp%2Fv2%2Fmedia&parent=11985"}],"wp:term":[{"taxonomy":"category","embeddable":true,"href":"https:\/\/lavozpuntana.com\/index.php?rest_route=%2Fwp%2Fv2%2Fcategories&post=11985"},{"taxonomy":"post_tag","embeddable":true,"href":"https:\/\/lavozpuntana.com\/index.php?rest_route=%2Fwp%2Fv2%2Ftags&post=11985"}],"curies":[{"name":"wp","href":"https:\/\/api.w.org\/{rel}","templated":true}]}}