{"id":11991,"date":"2024-02-20T09:44:23","date_gmt":"2024-02-20T12:44:23","guid":{"rendered":"https:\/\/lavozpuntana.com\/?p=11991"},"modified":"2024-02-20T09:44:25","modified_gmt":"2024-02-20T12:44:25","slug":"quita-de-fondos-nacionales-poggi-analizo-la-situacion-con-los-ministros-de-educacion-y-hacienda","status":"publish","type":"post","link":"https:\/\/lavozpuntana.com\/?p=11991","title":{"rendered":"QUITA DE FONDOS NACIONALES: POGGI ANALIZ\u00d3 LA SITUACI\u00d3N CON LOS MINISTROS DE EDUCACI\u00d3N Y HACIENDA"},"content":{"rendered":"\n<figure class=\"wp-block-image size-large\"><img loading=\"lazy\" decoding=\"async\" width=\"1024\" height=\"682\" src=\"https:\/\/lavozpuntana.com\/wp-content\/uploads\/2024\/02\/WhatsApp-Image-2024-02-19-at-17.52.45-1-1536x1023-2-1024x682.jpeg\" alt=\"\" class=\"wp-image-11993\" srcset=\"https:\/\/lavozpuntana.com\/wp-content\/uploads\/2024\/02\/WhatsApp-Image-2024-02-19-at-17.52.45-1-1536x1023-2-1024x682.jpeg 1024w, https:\/\/lavozpuntana.com\/wp-content\/uploads\/2024\/02\/WhatsApp-Image-2024-02-19-at-17.52.45-1-1536x1023-2-300x200.jpeg 300w, https:\/\/lavozpuntana.com\/wp-content\/uploads\/2024\/02\/WhatsApp-Image-2024-02-19-at-17.52.45-1-1536x1023-2-768x512.jpeg 768w, https:\/\/lavozpuntana.com\/wp-content\/uploads\/2024\/02\/WhatsApp-Image-2024-02-19-at-17.52.45-1-1536x1023-2.jpeg 1536w\" sizes=\"auto, (max-width: 1024px) 100vw, 1024px\" \/><\/figure>\n\n\n\n<p><strong>Con el objeto de analizar las implicancias y consecuencias de la quita del Fondo Nacional de Incentivo Docente (FONID) y del fondo de Conectividad Nacional que enviaba el Gobierno central, el gobernador de la provincia, Claudio Poggi, mantuvo una reuni\u00f3n de trabajo con el ministro de Educaci\u00f3n, Guillermo Araujo y el ministro de Hacienda y Infraestructura P\u00fablica, N\u00e9stor Ordo\u00f1ez.<\/strong><\/p>\n\n\n\n<p>El env\u00edo de los fondos nacionales dejaron de remitirse a las provincias a partir del 1\u00ba de enero del 2024. En ese marco, el Gobierno de San Luis afront\u00f3 el pago a los docentes provinciales cuando abon\u00f3 los sueldos del mes de enero pasado, realizando una erogaci\u00f3n presupuestaria de $500.000.000<\/p>\n\n\n\n<p>El Gobernador, junto a su equipo de trabajo, eval\u00faa los pasos a seguir ante la falta de env\u00edo de los fondos nacionales destinados a los docentes.<\/p>\n","protected":false},"excerpt":{"rendered":"<p>Con el objeto de analizar las implicancias y consecuencias de la quita del Fondo Nacional de Incentivo Docente (FONID) y del fondo de Conectividad Nacional que enviaba el Gobierno central, el gobernador de la provincia, Claudio Poggi, mantuvo una reuni\u00f3n de trabajo con el ministro de Educaci\u00f3n, Guillermo Araujo y el ministro de Hacienda y Infraestructura P\u00fablica, N\u00e9stor Ordo\u00f1ez.<\/p>\n","protected":false},"author":4,"featured_media":11992,"comment_status":"closed","ping_status":"closed","sticky":false,"template":"","format":"standard","meta":{"footnotes":""},"categories":[4],"tags":[],"class_list":["post-11991","post","type-post","status-publish","format-standard","has-post-thumbnail","hentry","category-la-provincia"],"_links":{"self":[{"href":"https:\/\/lavozpuntana.com\/index.php?rest_route=\/wp\/v2\/posts\/11991","targetHints":{"allow":["GET"]}}],"collection":[{"href":"https:\/\/lavozpuntana.com\/index.php?rest_route=\/wp\/v2\/posts"}],"about":[{"href":"https:\/\/lavozpuntana.com\/index.php?rest_route=\/wp\/v2\/types\/post"}],"author":[{"embeddable":true,"href":"https:\/\/lavozpuntana.com\/index.php?rest_route=\/wp\/v2\/users\/4"}],"replies":[{"embeddable":true,"href":"https:\/\/lavozpuntana.com\/index.php?rest_route=%2Fwp%2Fv2%2Fcomments&post=11991"}],"version-history":[{"count":1,"href":"https:\/\/lavozpuntana.com\/index.php?rest_route=\/wp\/v2\/posts\/11991\/revisions"}],"predecessor-version":[{"id":11994,"href":"https:\/\/lavozpuntana.com\/index.php?rest_route=\/wp\/v2\/posts\/11991\/revisions\/11994"}],"wp:featuredmedia":[{"embeddable":true,"href":"https:\/\/lavozpuntana.com\/index.php?rest_route=\/wp\/v2\/media\/11992"}],"wp:attachment":[{"href":"https:\/\/lavozpuntana.com\/index.php?rest_route=%2Fwp%2Fv2%2Fmedia&parent=11991"}],"wp:term":[{"taxonomy":"category","embeddable":true,"href":"https:\/\/lavozpuntana.com\/index.php?rest_route=%2Fwp%2Fv2%2Fcategories&post=11991"},{"taxonomy":"post_tag","embeddable":true,"href":"https:\/\/lavozpuntana.com\/index.php?rest_route=%2Fwp%2Fv2%2Ftags&post=11991"}],"curies":[{"name":"wp","href":"https:\/\/api.w.org\/{rel}","templated":true}]}}