{"id":12001,"date":"2024-02-20T16:34:41","date_gmt":"2024-02-20T19:34:41","guid":{"rendered":"https:\/\/lavozpuntana.com\/?p=12001"},"modified":"2024-02-20T16:34:42","modified_gmt":"2024-02-20T19:34:42","slug":"encontraron-a-una-menor-muerta-en-una-vivienda","status":"publish","type":"post","link":"https:\/\/lavozpuntana.com\/?p=12001","title":{"rendered":"ENCONTRARON A UNA MENOR MUERTA EN UNA VIVIENDA"},"content":{"rendered":"\n<figure class=\"wp-block-image size-large\"><img loading=\"lazy\" decoding=\"async\" width=\"450\" height=\"338\" src=\"http:\/\/lavozpuntana.com\/wp-content\/uploads\/2024\/02\/WhatsApp-Image-2024-02-20-at-14.13.35.jpeg\" alt=\"\" class=\"wp-image-12002\" srcset=\"https:\/\/lavozpuntana.com\/wp-content\/uploads\/2024\/02\/WhatsApp-Image-2024-02-20-at-14.13.35.jpeg 450w, https:\/\/lavozpuntana.com\/wp-content\/uploads\/2024\/02\/WhatsApp-Image-2024-02-20-at-14.13.35-300x225.jpeg 300w\" sizes=\"auto, (max-width: 450px) 100vw, 450px\" \/><\/figure>\n\n\n\n<p><strong>El Ministerio de Seguridad confirm\u00f3 este martes que una menor de edad fue encontrada sin vida en el interior de una vivienda en La Toma.<\/strong><\/p>\n\n\n\n<p>Se dio intervenci\u00f3n a la Fiscal\u00eda de turno, a cargo de Esteban Roche, para determinar las circunstancias del hecho en el cual hay personas identificadas que habr\u00edan estado en el lugar del hecho.<\/p>\n\n\n\n<p>Desde la cartera de Seguridad se asegur\u00f3 que se ampliar\u00e1 la informaci\u00f3n del caso.<\/p>\n","protected":false},"excerpt":{"rendered":"<p>El Ministerio de Seguridad confirm\u00f3 este martes que una menor de edad fue encontrada sin vida en el interior de una vivienda en La Toma.<\/p>\n","protected":false},"author":4,"featured_media":12002,"comment_status":"closed","ping_status":"closed","sticky":false,"template":"","format":"standard","meta":{"footnotes":""},"categories":[4],"tags":[],"class_list":["post-12001","post","type-post","status-publish","format-standard","has-post-thumbnail","hentry","category-la-provincia"],"_links":{"self":[{"href":"https:\/\/lavozpuntana.com\/index.php?rest_route=\/wp\/v2\/posts\/12001","targetHints":{"allow":["GET"]}}],"collection":[{"href":"https:\/\/lavozpuntana.com\/index.php?rest_route=\/wp\/v2\/posts"}],"about":[{"href":"https:\/\/lavozpuntana.com\/index.php?rest_route=\/wp\/v2\/types\/post"}],"author":[{"embeddable":true,"href":"https:\/\/lavozpuntana.com\/index.php?rest_route=\/wp\/v2\/users\/4"}],"replies":[{"embeddable":true,"href":"https:\/\/lavozpuntana.com\/index.php?rest_route=%2Fwp%2Fv2%2Fcomments&post=12001"}],"version-history":[{"count":1,"href":"https:\/\/lavozpuntana.com\/index.php?rest_route=\/wp\/v2\/posts\/12001\/revisions"}],"predecessor-version":[{"id":12003,"href":"https:\/\/lavozpuntana.com\/index.php?rest_route=\/wp\/v2\/posts\/12001\/revisions\/12003"}],"wp:featuredmedia":[{"embeddable":true,"href":"https:\/\/lavozpuntana.com\/index.php?rest_route=\/wp\/v2\/media\/12002"}],"wp:attachment":[{"href":"https:\/\/lavozpuntana.com\/index.php?rest_route=%2Fwp%2Fv2%2Fmedia&parent=12001"}],"wp:term":[{"taxonomy":"category","embeddable":true,"href":"https:\/\/lavozpuntana.com\/index.php?rest_route=%2Fwp%2Fv2%2Fcategories&post=12001"},{"taxonomy":"post_tag","embeddable":true,"href":"https:\/\/lavozpuntana.com\/index.php?rest_route=%2Fwp%2Fv2%2Ftags&post=12001"}],"curies":[{"name":"wp","href":"https:\/\/api.w.org\/{rel}","templated":true}]}}