{"id":12013,"date":"2024-02-21T12:01:56","date_gmt":"2024-02-21T15:01:56","guid":{"rendered":"https:\/\/lavozpuntana.com\/?p=12013"},"modified":"2024-02-21T12:01:57","modified_gmt":"2024-02-21T15:01:57","slug":"el-gobierno-oficializo-el-decreto-que-desregula-las-obras-sociales","status":"publish","type":"post","link":"https:\/\/lavozpuntana.com\/?p=12013","title":{"rendered":"EL GOBIERNO OFICIALIZ\u00d3 EL DECRETO QUE DESREGULA LAS OBRAS SOCIALES"},"content":{"rendered":"\n<figure class=\"wp-block-image size-large\"><img loading=\"lazy\" decoding=\"async\" width=\"1024\" height=\"576\" src=\"https:\/\/lavozpuntana.com\/wp-content\/uploads\/2024\/02\/65044b6c44a20_1200-1024x576.jpg\" alt=\"\" class=\"wp-image-12015\" srcset=\"https:\/\/lavozpuntana.com\/wp-content\/uploads\/2024\/02\/65044b6c44a20_1200-1024x576.jpg 1024w, https:\/\/lavozpuntana.com\/wp-content\/uploads\/2024\/02\/65044b6c44a20_1200-300x169.jpg 300w, https:\/\/lavozpuntana.com\/wp-content\/uploads\/2024\/02\/65044b6c44a20_1200-768x432.jpg 768w, https:\/\/lavozpuntana.com\/wp-content\/uploads\/2024\/02\/65044b6c44a20_1200-800x450.jpg 800w, https:\/\/lavozpuntana.com\/wp-content\/uploads\/2024\/02\/65044b6c44a20_1200.jpg 1200w\" sizes=\"auto, (max-width: 1024px) 100vw, 1024px\" \/><\/figure>\n\n\n\n<p><strong>La medida alcanza a los trabajadores que est\u00e1n en relaci\u00f3n de dependencia tanto del sector p\u00fablico como del privado, sindicalizados, monotributistas, entre otros. La libre elecci\u00f3n ser\u00e1 por el pazo que determine la autoridad de aplicaci\u00f3n y se har\u00e1 efectiva a partir del primer d\u00eda del mes siguiente a la solicitud.<\/strong><\/p>\n\n\n\n<p>El Gobierno nacional oficializ\u00f3 este mi\u00e9rcoles el decreto que desregula las obras sociales para los trabajadores que est\u00e1n en relaci\u00f3n de dependencia tanto del sector p\u00fablico como del privado, sindicalizados, monotributistas, entre otros, con su publicaci\u00f3n en el Bolet\u00edn Oficial.<\/p>\n\n\n\n<p>El Decreto 170\/2024 lleva la firma del presidente Javier Milei; del jefe de Gabinete, Nicol\u00e1s Posse; y del responsable de la cartera sanitaria, Mario Antonio Russo.<\/p>\n\n\n\n<p>La norma establece \u00abel derecho a la libre elecci\u00f3n podr\u00e1 ser ejercido por los afiliados titulares de los Agentes del Seguro de Salud comprendidos en el art\u00edculo 1\u00b0 de la Ley N\u00b0 23.660, entre cualesquiera de las entidades incluidas en dicha norma, con la excepci\u00f3n prevista en el art\u00edculo 9\u00b0\u201d.<\/p>\n\n\n\n<p>La libre elecci\u00f3n podr\u00e1 ejercerse por el pazo que determine la autoridad de aplicaci\u00f3n y se har\u00e1 efectivo a partir del primer d\u00eda del mes siguiente a la formalizaci\u00f3n de la solicitud, dice el decreto.<\/p>\n\n\n\n<p>Adem\u00e1s, especifica: \u00abEl plazo m\u00ednimo de permanencia no resultar\u00e1 aplicable para aquellos beneficiarios que, encontr\u00e1ndose afiliados a un Agente del Seguro de Salud, hayan elegido a una entidad de medicina prepaga como prestadora de su cobertura m\u00e9dica y esta se encuentre inscripta en los Registros establecidos en el inciso b) del art\u00edculo 5\u00b0 de la Ley N\u00ba 26.682 y en el art\u00edculo 6\u00b0 de la Ley N\u00ba 23.660. En este \u00faltimo supuesto podr\u00e1n ejercer el derecho a la libre elecci\u00f3n hacia esa misma entidad de medicina prepaga\u201d.<\/p>\n\n\n\n<p>El decreto instruye a la Administraci\u00f3n de Federal de Ingresos P\u00fablicos y a la Superintendencia de Servicios de Salud a adoptar las medidas complementarias y deroga los art\u00edculos 1, 2 y 3 del Decreto 9 del 7 de enero de 1993, el Decreto 638 del 11 de julio de 1997 y la Resoluci\u00f3n Conjunta 170 del exministerio de Salud y Acci\u00f3n Social, as\u00ed como el Decreto 334 del exministerio de Econom\u00eda, Obras y Servicios P\u00fablicos, y el 241 del exministerio de Trabajo y Seguridad Social, del 18 de marzo de 1998.<\/p>\n\n\n\n<p>\u00abEl presente decreto comenzar\u00e1 a regir el primer d\u00eda del mes siguiente al de su publicaci\u00f3n en el Bolet\u00edn Oficial\u00bb, concluye la norma.<\/p>\n\n\n\n<p>Fuente: Telam.<\/p>\n","protected":false},"excerpt":{"rendered":"<p>La medida alcanza a los trabajadores que est\u00e1n en relaci\u00f3n de dependencia tanto del sector p\u00fablico como del privado, sindicalizados, monotributistas, entre otros. La libre elecci\u00f3n ser\u00e1 por el pazo que determine la autoridad de aplicaci\u00f3n y se har\u00e1 efectiva a partir del primer d\u00eda del mes siguiente a la solicitud.<\/p>\n","protected":false},"author":4,"featured_media":12015,"comment_status":"closed","ping_status":"closed","sticky":false,"template":"","format":"standard","meta":{"footnotes":""},"categories":[5],"tags":[],"class_list":["post-12013","post","type-post","status-publish","format-standard","has-post-thumbnail","hentry","category-el-pais"],"_links":{"self":[{"href":"https:\/\/lavozpuntana.com\/index.php?rest_route=\/wp\/v2\/posts\/12013","targetHints":{"allow":["GET"]}}],"collection":[{"href":"https:\/\/lavozpuntana.com\/index.php?rest_route=\/wp\/v2\/posts"}],"about":[{"href":"https:\/\/lavozpuntana.com\/index.php?rest_route=\/wp\/v2\/types\/post"}],"author":[{"embeddable":true,"href":"https:\/\/lavozpuntana.com\/index.php?rest_route=\/wp\/v2\/users\/4"}],"replies":[{"embeddable":true,"href":"https:\/\/lavozpuntana.com\/index.php?rest_route=%2Fwp%2Fv2%2Fcomments&post=12013"}],"version-history":[{"count":1,"href":"https:\/\/lavozpuntana.com\/index.php?rest_route=\/wp\/v2\/posts\/12013\/revisions"}],"predecessor-version":[{"id":12016,"href":"https:\/\/lavozpuntana.com\/index.php?rest_route=\/wp\/v2\/posts\/12013\/revisions\/12016"}],"wp:featuredmedia":[{"embeddable":true,"href":"https:\/\/lavozpuntana.com\/index.php?rest_route=\/wp\/v2\/media\/12015"}],"wp:attachment":[{"href":"https:\/\/lavozpuntana.com\/index.php?rest_route=%2Fwp%2Fv2%2Fmedia&parent=12013"}],"wp:term":[{"taxonomy":"category","embeddable":true,"href":"https:\/\/lavozpuntana.com\/index.php?rest_route=%2Fwp%2Fv2%2Fcategories&post=12013"},{"taxonomy":"post_tag","embeddable":true,"href":"https:\/\/lavozpuntana.com\/index.php?rest_route=%2Fwp%2Fv2%2Ftags&post=12013"}],"curies":[{"name":"wp","href":"https:\/\/api.w.org\/{rel}","templated":true}]}}