{"id":12019,"date":"2024-02-21T12:07:57","date_gmt":"2024-02-21T15:07:57","guid":{"rendered":"https:\/\/lavozpuntana.com\/?p=12019"},"modified":"2024-02-21T12:07:58","modified_gmt":"2024-02-21T15:07:58","slug":"federico-pinedo-fue-oficializado-al-frente-de-la-unidad-g20","status":"publish","type":"post","link":"https:\/\/lavozpuntana.com\/?p=12019","title":{"rendered":"FEDERICO PINEDO FUE OFICIALIZADO AL FRENTE DE LA UNIDAD G20"},"content":{"rendered":"\n<figure class=\"wp-block-image size-large\"><img loading=\"lazy\" decoding=\"async\" width=\"399\" height=\"399\" src=\"http:\/\/lavozpuntana.com\/wp-content\/uploads\/2024\/02\/QuiF7GaB_400x400.jpg\" alt=\"\" class=\"wp-image-12020\" srcset=\"https:\/\/lavozpuntana.com\/wp-content\/uploads\/2024\/02\/QuiF7GaB_400x400.jpg 399w, https:\/\/lavozpuntana.com\/wp-content\/uploads\/2024\/02\/QuiF7GaB_400x400-300x300.jpg 300w, https:\/\/lavozpuntana.com\/wp-content\/uploads\/2024\/02\/QuiF7GaB_400x400-150x150.jpg 150w\" sizes=\"auto, (max-width: 399px) 100vw, 399px\" \/><\/figure>\n\n\n\n<p><strong>El exsenador ser\u00e1 el \u201cSherpa\u201d, la persona encargada de coordinar las acciones del pa\u00eds rumbo a ese foro mundial; lo acompa\u00f1ar\u00e1 en la tarea Adriana La Forgia, que tambi\u00e9n integra las filas del partido liderado por el expresidente Mauricio Macri<\/strong><\/p>\n\n\n\n<p>En otra muestra de la integraci\u00f3n del Pro y La Libertad Avanza (LLA), el Gobierno oficializ\u00f3 al exsenador Federico Pinedo como titular de la Unidad G20, quien tendr\u00e1 a cargo la tarea de coordinar las acciones del pa\u00eds en ese foro mundial y ser\u00e1 el representante nacional, el \u201cSherpa\u201d, en la previa de ese encuentro que este a\u00f1o se har\u00e1 en Brasil. La designaci\u00f3n fue publicada este mi\u00e9rcoles en el Bolet\u00edn Oficial.<\/p>\n\n\n\n<p>\u201cLlegando a la gran naci\u00f3n brasile\u00f1a para la reuni\u00f3n de cancilleres del G20, en medio de un mundo convulsionado por la violencia y la amenaza del uso de la fuerza\u201d, escribi\u00f3 este martes en su cuenta de X el dirigente del entorno de la ministra de Seguridad, Patricia Bullrich. El mensaje acompa\u00f1a una imagen desde el avi\u00f3n en el que viaj\u00f3 hacia el pa\u00eds vecino, que en noviembre de este a\u00f1o ser\u00e1 sede de la cumbre.<\/p>\n\n\n\n<p>La unidad ejecutora en cuesti\u00f3n -creada a partir de la resoluci\u00f3n 75\/2024 del Ministerio de Relaciones exteriores- tendr\u00e1 como fin entender en la coordinaci\u00f3n interministerial de la participaci\u00f3n de los distintos organismos del Estado nacional en los foros y grupos de trabajo que componen la agenda tem\u00e1tica del G20, entender en la elaboraci\u00f3n, evaluaci\u00f3n y ejecuci\u00f3n, en coordinaci\u00f3n con los organismos competentes del estado nacional, de los objetivos de pol\u00edtica exterior relacionados con el \u2018Canal de Sherpas\u2019 del G20\u2033.<\/p>\n\n\n\n<p>Adem\u00e1s, deber\u00e1 \u201cproyectar los calendarios de viajes y visitas; celebrar reuniones de coordinaci\u00f3n nacional, bilaterales y en el marco de los grupos de trabajo, grupos de afinidad, y temas que integran la agenda de ese canal\u201d teniendo en cuenta que \u201cel G20 es el principal foro intergubernamental de coordinaci\u00f3n econ\u00f3mica y financiera internacional, con creciente gravitaci\u00f3n en temas de naturaleza pol\u00edtica para contribuir a la b\u00fasqueda de soluciones a los principales problemas de la agenda global\u201d.<\/p>\n\n\n\n<p>Seg\u00fan lo establece la decisi\u00f3n de la dependencia que encabeza la canciller Diana Mondino, la Unidad G20 debe estar en manos de \u201cun funcionario fuera de nivel con rango y jerarqu\u00eda de Secretario en car\u00e1cter de titular, y una funcionaria fuera de nivel con rango de coordinadora. La elegida fue a Adriana La Forgia, especialista en temas de seguridad y pol\u00edtica exterior y excoordinadora de seguridad del G20 en 2018.<\/p>\n\n\n\n<p>En los considerandos de la resoluci\u00f3n, se\u00f1alan que la entidad se disolver\u00e1 a los dos a a\u00f1os desde la entrada en vigencia de la medida y remarcan tambi\u00e9n que ambos designados \u201cre\u00fanen las condiciones de idoneidad y experiencia necesarias para cumplir eficientemente con las responsabilidades y funciones\u201d asignadas.<\/p>\n\n\n\n<p>Fuente: La Naci\u00f3n.<\/p>\n","protected":false},"excerpt":{"rendered":"<p>El exsenador ser\u00e1 el \u201cSherpa\u201d, la persona encargada de coordinar las acciones del pa\u00eds rumbo a ese foro mundial; lo acompa\u00f1ar\u00e1 en la tarea Adriana La Forgia, que tambi\u00e9n integra las filas del partido liderado por el expresidente Mauricio Macri<\/p>\n","protected":false},"author":4,"featured_media":12020,"comment_status":"closed","ping_status":"closed","sticky":false,"template":"","format":"standard","meta":{"footnotes":""},"categories":[5],"tags":[],"class_list":["post-12019","post","type-post","status-publish","format-standard","has-post-thumbnail","hentry","category-el-pais"],"_links":{"self":[{"href":"https:\/\/lavozpuntana.com\/index.php?rest_route=\/wp\/v2\/posts\/12019","targetHints":{"allow":["GET"]}}],"collection":[{"href":"https:\/\/lavozpuntana.com\/index.php?rest_route=\/wp\/v2\/posts"}],"about":[{"href":"https:\/\/lavozpuntana.com\/index.php?rest_route=\/wp\/v2\/types\/post"}],"author":[{"embeddable":true,"href":"https:\/\/lavozpuntana.com\/index.php?rest_route=\/wp\/v2\/users\/4"}],"replies":[{"embeddable":true,"href":"https:\/\/lavozpuntana.com\/index.php?rest_route=%2Fwp%2Fv2%2Fcomments&post=12019"}],"version-history":[{"count":1,"href":"https:\/\/lavozpuntana.com\/index.php?rest_route=\/wp\/v2\/posts\/12019\/revisions"}],"predecessor-version":[{"id":12021,"href":"https:\/\/lavozpuntana.com\/index.php?rest_route=\/wp\/v2\/posts\/12019\/revisions\/12021"}],"wp:featuredmedia":[{"embeddable":true,"href":"https:\/\/lavozpuntana.com\/index.php?rest_route=\/wp\/v2\/media\/12020"}],"wp:attachment":[{"href":"https:\/\/lavozpuntana.com\/index.php?rest_route=%2Fwp%2Fv2%2Fmedia&parent=12019"}],"wp:term":[{"taxonomy":"category","embeddable":true,"href":"https:\/\/lavozpuntana.com\/index.php?rest_route=%2Fwp%2Fv2%2Fcategories&post=12019"},{"taxonomy":"post_tag","embeddable":true,"href":"https:\/\/lavozpuntana.com\/index.php?rest_route=%2Fwp%2Fv2%2Ftags&post=12019"}],"curies":[{"name":"wp","href":"https:\/\/api.w.org\/{rel}","templated":true}]}}