{"id":12025,"date":"2024-02-21T12:14:15","date_gmt":"2024-02-21T15:14:15","guid":{"rendered":"https:\/\/lavozpuntana.com\/?p=12025"},"modified":"2024-02-21T12:14:16","modified_gmt":"2024-02-21T15:14:16","slug":"el-gobierno-suspendio-la-jornada-productiva-del-sabado-en-la-toma","status":"publish","type":"post","link":"https:\/\/lavozpuntana.com\/?p=12025","title":{"rendered":"EL GOBIERNO SUSPENDI\u00d3 LA JORNADA PRODUCTIVA DEL S\u00c1BADO EN LA TOMA"},"content":{"rendered":"\n<figure class=\"wp-block-image size-large\"><img loading=\"lazy\" decoding=\"async\" width=\"630\" height=\"420\" src=\"http:\/\/lavozpuntana.com\/wp-content\/uploads\/2024\/02\/Jornada-Productiva-630x420-1.jpeg\" alt=\"\" class=\"wp-image-12026\" srcset=\"https:\/\/lavozpuntana.com\/wp-content\/uploads\/2024\/02\/Jornada-Productiva-630x420-1.jpeg 630w, https:\/\/lavozpuntana.com\/wp-content\/uploads\/2024\/02\/Jornada-Productiva-630x420-1-300x200.jpeg 300w\" sizes=\"auto, (max-width: 630px) 100vw, 630px\" \/><\/figure>\n\n\n\n<p><strong>Acompa\u00f1ando el dolor de una comunidad que est\u00e1 de duelo, el Gobierno de la provincia de San Luis suspendi\u00f3 el encuentro de San Luis Se Activa que se iba a llevar a cabo en la localidad de La Toma, previsto para el pr\u00f3ximo s\u00e1bado 24 de febrero.<\/strong><\/p>\n","protected":false},"excerpt":{"rendered":"<p>Acompa\u00f1ando el dolor de una comunidad que est\u00e1 de duelo, el Gobierno de la provincia de San Luis suspendi\u00f3 el encuentro de San Luis Se Activa que se iba a llevar a cabo en la localidad de La Toma, previsto para el pr\u00f3ximo s\u00e1bado 24 de febrero.<\/p>\n","protected":false},"author":4,"featured_media":12026,"comment_status":"closed","ping_status":"closed","sticky":false,"template":"","format":"standard","meta":{"footnotes":""},"categories":[4],"tags":[],"class_list":["post-12025","post","type-post","status-publish","format-standard","has-post-thumbnail","hentry","category-la-provincia"],"_links":{"self":[{"href":"https:\/\/lavozpuntana.com\/index.php?rest_route=\/wp\/v2\/posts\/12025","targetHints":{"allow":["GET"]}}],"collection":[{"href":"https:\/\/lavozpuntana.com\/index.php?rest_route=\/wp\/v2\/posts"}],"about":[{"href":"https:\/\/lavozpuntana.com\/index.php?rest_route=\/wp\/v2\/types\/post"}],"author":[{"embeddable":true,"href":"https:\/\/lavozpuntana.com\/index.php?rest_route=\/wp\/v2\/users\/4"}],"replies":[{"embeddable":true,"href":"https:\/\/lavozpuntana.com\/index.php?rest_route=%2Fwp%2Fv2%2Fcomments&post=12025"}],"version-history":[{"count":1,"href":"https:\/\/lavozpuntana.com\/index.php?rest_route=\/wp\/v2\/posts\/12025\/revisions"}],"predecessor-version":[{"id":12027,"href":"https:\/\/lavozpuntana.com\/index.php?rest_route=\/wp\/v2\/posts\/12025\/revisions\/12027"}],"wp:featuredmedia":[{"embeddable":true,"href":"https:\/\/lavozpuntana.com\/index.php?rest_route=\/wp\/v2\/media\/12026"}],"wp:attachment":[{"href":"https:\/\/lavozpuntana.com\/index.php?rest_route=%2Fwp%2Fv2%2Fmedia&parent=12025"}],"wp:term":[{"taxonomy":"category","embeddable":true,"href":"https:\/\/lavozpuntana.com\/index.php?rest_route=%2Fwp%2Fv2%2Fcategories&post=12025"},{"taxonomy":"post_tag","embeddable":true,"href":"https:\/\/lavozpuntana.com\/index.php?rest_route=%2Fwp%2Fv2%2Ftags&post=12025"}],"curies":[{"name":"wp","href":"https:\/\/api.w.org\/{rel}","templated":true}]}}