{"id":12034,"date":"2024-02-21T12:21:44","date_gmt":"2024-02-21T15:21:44","guid":{"rendered":"https:\/\/lavozpuntana.com\/?p=12034"},"modified":"2024-02-21T12:21:45","modified_gmt":"2024-02-21T15:21:45","slug":"poggi-recibio-al-superior-tribunal-de-justicia","status":"publish","type":"post","link":"https:\/\/lavozpuntana.com\/?p=12034","title":{"rendered":"POGGI RECIBI\u00d3 AL SUPERIOR TRIBUNAL DE JUSTICIA"},"content":{"rendered":"\n<figure class=\"wp-block-image size-large\"><img loading=\"lazy\" decoding=\"async\" width=\"1024\" height=\"683\" src=\"http:\/\/lavozpuntana.com\/wp-content\/uploads\/2024\/02\/WhatsApp-Image-2024-02-20-at-16.33.03-1536x1024-1-1024x683.jpeg\" alt=\"\" class=\"wp-image-12035\" srcset=\"https:\/\/lavozpuntana.com\/wp-content\/uploads\/2024\/02\/WhatsApp-Image-2024-02-20-at-16.33.03-1536x1024-1-1024x683.jpeg 1024w, https:\/\/lavozpuntana.com\/wp-content\/uploads\/2024\/02\/WhatsApp-Image-2024-02-20-at-16.33.03-1536x1024-1-300x200.jpeg 300w, https:\/\/lavozpuntana.com\/wp-content\/uploads\/2024\/02\/WhatsApp-Image-2024-02-20-at-16.33.03-1536x1024-1-768x512.jpeg 768w, https:\/\/lavozpuntana.com\/wp-content\/uploads\/2024\/02\/WhatsApp-Image-2024-02-20-at-16.33.03-1536x1024-1.jpeg 1536w\" sizes=\"auto, (max-width: 1024px) 100vw, 1024px\" \/><\/figure>\n\n\n\n<p><strong>El gobernador, Claudio Poggi se reuni\u00f3 con la totalidad de los ministros del Superior Tribunal de Justicia. Particip\u00f3 tambi\u00e9n el vicegobernador y presidente del Senado, Ricardo Endeiza.<\/strong><\/p>\n\n\n\n<p>Se abordaron tem\u00e1ticas de coordinaci\u00f3n presupuestaria, de seguridad y seguridad jur\u00eddica para alentar la inversi\u00f3n privada y preservar las fuentes laborales del sector.<\/p>\n\n\n\n<p>Junto a Eduardo Allende, presidente del m\u00e1ximo organismo de Justicia de la provincia, estaban los ministros: Jos\u00e9 Guillermo L\u2019Huiller, Andrea Carolina Monte Riso, Cecilia Chada y Jorge Alberto Levingston.<\/p>\n\n\n\n<p>El encuentro, que fue el primero desde la asunci\u00f3n de las nuevas autoridades de ese organismo, se extendi\u00f3 durante dos horas en el despacho del Primer mandatario.<\/p>\n\n\n\n<p>Se acord\u00f3 mantener este tipo de encuentros en forma peri\u00f3dica entre los distintos poderes del Estado.<\/p>\n","protected":false},"excerpt":{"rendered":"<p>El gobernador, Claudio Poggi se reuni\u00f3 con la totalidad de los ministros del Superior Tribunal de Justicia. Particip\u00f3 tambi\u00e9n el vicegobernador y presidente del Senado, Ricardo Endeiza.<\/p>\n","protected":false},"author":4,"featured_media":12035,"comment_status":"closed","ping_status":"closed","sticky":false,"template":"","format":"standard","meta":{"footnotes":""},"categories":[4],"tags":[],"class_list":["post-12034","post","type-post","status-publish","format-standard","has-post-thumbnail","hentry","category-la-provincia"],"_links":{"self":[{"href":"https:\/\/lavozpuntana.com\/index.php?rest_route=\/wp\/v2\/posts\/12034","targetHints":{"allow":["GET"]}}],"collection":[{"href":"https:\/\/lavozpuntana.com\/index.php?rest_route=\/wp\/v2\/posts"}],"about":[{"href":"https:\/\/lavozpuntana.com\/index.php?rest_route=\/wp\/v2\/types\/post"}],"author":[{"embeddable":true,"href":"https:\/\/lavozpuntana.com\/index.php?rest_route=\/wp\/v2\/users\/4"}],"replies":[{"embeddable":true,"href":"https:\/\/lavozpuntana.com\/index.php?rest_route=%2Fwp%2Fv2%2Fcomments&post=12034"}],"version-history":[{"count":1,"href":"https:\/\/lavozpuntana.com\/index.php?rest_route=\/wp\/v2\/posts\/12034\/revisions"}],"predecessor-version":[{"id":12036,"href":"https:\/\/lavozpuntana.com\/index.php?rest_route=\/wp\/v2\/posts\/12034\/revisions\/12036"}],"wp:featuredmedia":[{"embeddable":true,"href":"https:\/\/lavozpuntana.com\/index.php?rest_route=\/wp\/v2\/media\/12035"}],"wp:attachment":[{"href":"https:\/\/lavozpuntana.com\/index.php?rest_route=%2Fwp%2Fv2%2Fmedia&parent=12034"}],"wp:term":[{"taxonomy":"category","embeddable":true,"href":"https:\/\/lavozpuntana.com\/index.php?rest_route=%2Fwp%2Fv2%2Fcategories&post=12034"},{"taxonomy":"post_tag","embeddable":true,"href":"https:\/\/lavozpuntana.com\/index.php?rest_route=%2Fwp%2Fv2%2Ftags&post=12034"}],"curies":[{"name":"wp","href":"https:\/\/api.w.org\/{rel}","templated":true}]}}