{"id":12055,"date":"2024-02-22T16:33:33","date_gmt":"2024-02-22T19:33:33","guid":{"rendered":"https:\/\/lavozpuntana.com\/?p=12055"},"modified":"2024-02-22T16:33:36","modified_gmt":"2024-02-22T19:33:36","slug":"el-lunes-26-comenzaran-las-clases-en-toda-la-provincia","status":"publish","type":"post","link":"https:\/\/lavozpuntana.com\/?p=12055","title":{"rendered":"EL LUNES 26 COMENZAR\u00c1N LAS CLASES EN TODA LA PROVINCIA"},"content":{"rendered":"\n<figure class=\"wp-block-image size-large\"><img loading=\"lazy\" decoding=\"async\" width=\"1024\" height=\"681\" src=\"https:\/\/lavozpuntana.com\/wp-content\/uploads\/2024\/02\/MAL_6100-copia-1536x1022-1-1024x681.jpg\" alt=\"\" class=\"wp-image-12056\" srcset=\"https:\/\/lavozpuntana.com\/wp-content\/uploads\/2024\/02\/MAL_6100-copia-1536x1022-1-1024x681.jpg 1024w, https:\/\/lavozpuntana.com\/wp-content\/uploads\/2024\/02\/MAL_6100-copia-1536x1022-1-300x200.jpg 300w, https:\/\/lavozpuntana.com\/wp-content\/uploads\/2024\/02\/MAL_6100-copia-1536x1022-1-768x511.jpg 768w, https:\/\/lavozpuntana.com\/wp-content\/uploads\/2024\/02\/MAL_6100-copia-1536x1022-1.jpg 1536w\" sizes=\"auto, (max-width: 1024px) 100vw, 1024px\" \/><\/figure>\n\n\n\n<p><strong>La finalizaci\u00f3n est\u00e1 prevista para el 19 de diciembre, con un total de 192 d\u00edas de clases. No se podr\u00e1 pasar de a\u00f1o con m\u00e1s de tres materias previas. El receso invernal ser\u00e1 del 8 al 19 de julio.<\/strong><\/p>\n\n\n\n<p>El Calendario Escolar \u00danico elaborado en el marco de la legislaci\u00f3n vigente (Ley Provincial N\u00ba XV-0387-2004 y su Decreto Reglamentario N\u00b0 4521-MP-2004) expresa el cronograma de actividades correspondiente al ciclo lectivo 2024 y es un instrumento de trabajo organizador y de consulta permanente para todas las instituciones educativas en sus distintos niveles, modalidades y tipos de gesti\u00f3n.<\/p>\n\n\n\n<p>\u2013 El decreto establece que el per\u00edodo \u00e1ulico, para los niveles inicial, primario y secundario de todas las modalidades ser\u00e1 desde el 26 de febrero hasta el 19 de diciembre de 2024.<\/p>\n\n\n\n<p>\u2013 El personal jer\u00e1rquico, docente y administrativo de los tres niveles educativos obligatorios debi\u00f3 presentarse en los establecimientos escolares este jueves 22 de febrero. Su tarea se extender\u00e1 hasta el 20 de diciembre de 2024.<\/p>\n\n\n\n<p>\u2013 Las instancias de evaluaciones compensatorias y complementarias para el nivel secundario y las modalidades y la evaluaci\u00f3n de espacios curriculares pendientes de acreditaci\u00f3n, en simult\u00e1neo con el p\u00e9riodo \u00e1ulico, ser\u00e1 del 26 de febrero al 1\u00b0 de marzo de 2024.<\/p>\n\n\n\n<p>Materias previas<\/p>\n\n\n\n<p>Simult\u00e1neamente se exigir\u00e1 el cumplimiento de solo tres materias previas para pasar de a\u00f1o, desestimando la pr\u00e1ctica de hoy que es de 8 materias.<\/p>\n\n\n\n<p>Receso escolar de invierno<\/p>\n\n\n\n<p>El receso escolar de invierno para todos los niveles educativos y modalidades est\u00e1 previsto que comience el 8 de julio hasta el 19 de julio de 2024.<\/p>\n\n\n\n<p>Nivel inicial<\/p>\n\n\n\n<p>Los per\u00edodos de clases en el nivel inicial se encuentran organizados en dos cuatrimestres:<\/p>\n\n\n\n<p>El Primer Cuatrimestre ser\u00e1 desde el 26 hasta el 31 de julio, con el periodo de iniciaci\u00f3n de Nivel Inicial desde el 26 de febrero al 15 de marzo. Este periodo de iniciaci\u00f3n se divide en tres etapas:<\/p>\n\n\n\n<p>\u2013 En la primera semana, el tiempo de clase ser\u00e1 de una hora reloj con actividades de adaptaci\u00f3n de los diferentes actores sociales (alumnos, docentes y familias) y se realizar\u00e1n las entrevistas iniciales con los tutores.<\/p>\n\n\n\n<p>\u2013 En la segunda semana, el tiempo de clase ser\u00e1 de dos horas reloj y proseguir\u00e1n las entrevistas con los tutores.<\/p>\n\n\n\n<p>\u2013 En la tercera semana, el tiempo de clase ser\u00e1 de tres horas reloj, completando as\u00ed el tiempo completo de la jornada de nivel inicial. Se realizar\u00e1 un diagn\u00f3stico grupal. Al finalizar este periodo de iniciaci\u00f3n, se debe realizar una reuni\u00f3n informativa a los tutores para dar cuenta de este proceso.<\/p>\n\n\n\n<p>El Segundo Cuatrimestre ser\u00e1 desde el 1\u00b0 de agosto al 19 de diciembre.<\/p>\n\n\n\n<p>Niveles primario y secundario<\/p>\n\n\n\n<p>Los per\u00edodos de clases en el nivel primario y en el nivel secundario se encuentran organizados en tres trimestres:<\/p>\n\n\n\n<p>Primer Trimestre: del 26 de febrero de 2024 al 30 de mayo de 2024.<\/p>\n\n\n\n<p>Segundo Trimestre: del 31 de mayo de 2024 al 22 de septiembre de 2024.<\/p>\n\n\n\n<p>Tercer Trimestre: del 23 de septiembre de 2024 al 19 de diciembre de 2024.<\/p>\n\n\n\n<p>Nivel secundario para j\u00f3venes y adultos<\/p>\n\n\n\n<p>Los per\u00edodos de clases en el nivel secundario, modalidad de educaci\u00f3n permanente de j\u00f3venes y adultos, se encuentran organizados en dos cuatrimestres:<\/p>\n\n\n\n<p>Primer Cuatrimestre: del 26 de febrero de 2024 al 31 de julio de 2024.<\/p>\n\n\n\n<p>Segundo Cuatrimestre: del 1\u00b0 de agosto de 2024 al 19 de diciembre de 2024.<\/p>\n","protected":false},"excerpt":{"rendered":"<p>La finalizaci\u00f3n est\u00e1 prevista para el 19 de diciembre, con un total de 192 d\u00edas de clases. No se podr\u00e1 pasar de a\u00f1o con m\u00e1s de tres materias previas. El receso invernal ser\u00e1 del 8 al 19 de julio.<\/p>\n","protected":false},"author":4,"featured_media":12056,"comment_status":"closed","ping_status":"closed","sticky":false,"template":"","format":"standard","meta":{"footnotes":""},"categories":[4],"tags":[],"class_list":["post-12055","post","type-post","status-publish","format-standard","has-post-thumbnail","hentry","category-la-provincia"],"_links":{"self":[{"href":"https:\/\/lavozpuntana.com\/index.php?rest_route=\/wp\/v2\/posts\/12055","targetHints":{"allow":["GET"]}}],"collection":[{"href":"https:\/\/lavozpuntana.com\/index.php?rest_route=\/wp\/v2\/posts"}],"about":[{"href":"https:\/\/lavozpuntana.com\/index.php?rest_route=\/wp\/v2\/types\/post"}],"author":[{"embeddable":true,"href":"https:\/\/lavozpuntana.com\/index.php?rest_route=\/wp\/v2\/users\/4"}],"replies":[{"embeddable":true,"href":"https:\/\/lavozpuntana.com\/index.php?rest_route=%2Fwp%2Fv2%2Fcomments&post=12055"}],"version-history":[{"count":1,"href":"https:\/\/lavozpuntana.com\/index.php?rest_route=\/wp\/v2\/posts\/12055\/revisions"}],"predecessor-version":[{"id":12057,"href":"https:\/\/lavozpuntana.com\/index.php?rest_route=\/wp\/v2\/posts\/12055\/revisions\/12057"}],"wp:featuredmedia":[{"embeddable":true,"href":"https:\/\/lavozpuntana.com\/index.php?rest_route=\/wp\/v2\/media\/12056"}],"wp:attachment":[{"href":"https:\/\/lavozpuntana.com\/index.php?rest_route=%2Fwp%2Fv2%2Fmedia&parent=12055"}],"wp:term":[{"taxonomy":"category","embeddable":true,"href":"https:\/\/lavozpuntana.com\/index.php?rest_route=%2Fwp%2Fv2%2Fcategories&post=12055"},{"taxonomy":"post_tag","embeddable":true,"href":"https:\/\/lavozpuntana.com\/index.php?rest_route=%2Fwp%2Fv2%2Ftags&post=12055"}],"curies":[{"name":"wp","href":"https:\/\/api.w.org\/{rel}","templated":true}]}}