{"id":12058,"date":"2024-02-22T16:37:06","date_gmt":"2024-02-22T19:37:06","guid":{"rendered":"https:\/\/lavozpuntana.com\/?p=12058"},"modified":"2024-02-22T16:37:09","modified_gmt":"2024-02-22T19:37:09","slug":"comenzo-la-capacitacion-sobre-sumarios-administrativos-en-villa-mercedes","status":"publish","type":"post","link":"https:\/\/lavozpuntana.com\/?p=12058","title":{"rendered":"COMENZ\u00d3 LA CAPACITACI\u00d3N SOBRE SUMARIOS ADMINISTRATIVOS EN VILLA MERCEDES"},"content":{"rendered":"\n<figure class=\"wp-block-image size-large\"><img loading=\"lazy\" decoding=\"async\" width=\"1024\" height=\"683\" src=\"http:\/\/lavozpuntana.com\/wp-content\/uploads\/2024\/02\/IMG_20240222_091958103_MFNR_1-1536x1024-1-1024x683.jpg\" alt=\"\" class=\"wp-image-12059\" srcset=\"https:\/\/lavozpuntana.com\/wp-content\/uploads\/2024\/02\/IMG_20240222_091958103_MFNR_1-1536x1024-1-1024x683.jpg 1024w, https:\/\/lavozpuntana.com\/wp-content\/uploads\/2024\/02\/IMG_20240222_091958103_MFNR_1-1536x1024-1-300x200.jpg 300w, https:\/\/lavozpuntana.com\/wp-content\/uploads\/2024\/02\/IMG_20240222_091958103_MFNR_1-1536x1024-1-768x512.jpg 768w, https:\/\/lavozpuntana.com\/wp-content\/uploads\/2024\/02\/IMG_20240222_091958103_MFNR_1-1536x1024-1.jpg 1536w\" sizes=\"auto, (max-width: 1024px) 100vw, 1024px\" \/><\/figure>\n\n\n\n<p><strong>Est\u00e1 dirigida a responsables de distintas reparticiones provinciales que tienen sede en esa ciudad. Los pr\u00f3ximos encuentros ser\u00e1n el 26 de febrero y el 7 de marzo.<\/strong><\/p>\n\n\n\n<p>La secretar\u00eda de \u00c9tica P\u00fablica y Control de Gesti\u00f3n inici\u00f3 en Villa Mercedes un ciclo de capacitaci\u00f3n sobre sumarios administrativos, destinado a responsables de las reparticiones provinciales con sede en esa ciudad.<\/p>\n\n\n\n<p>La apertura estuvo a cargo de su titular, Ricardo Bazla. El ciclo formativo es dictado por el director de Sumarios, Lucio Pereira; el subdirector de Instrucci\u00f3n, Santiago Vel\u00e1zquez; Florencia Cruz y Natalia Gil Ledezma.<\/p>\n\n\n\n<p>En la capacitaci\u00f3n se abordar\u00e1n distintos aspectos concernientes al desarrollo de sumarios, como las medidas preliminares, su confecci\u00f3n completa y ejecuci\u00f3n. Est\u00e1 previsto que se extienda durante tres jornadas. Los pr\u00f3ximos encuentros ser\u00e1n el 26 de febrero y el 7 de marzo.<\/p>\n\n\n\n<p>La adecuada realizaci\u00f3n de un sumario administrativo garantiza la transparencia y el cumplimiento de las obligaciones de parte de los agentes de la administraci\u00f3n p\u00fablica. En caso de haber alguna conducta indebida de parte de un empleado que debe ser investigada, la correcta confecci\u00f3n del sumario permite que pueda saber qu\u00e9 es lo que se cuestiona o reprocha y qu\u00e9 indicios hay, para poder ejercer su derecho a la defensa.<\/p>\n","protected":false},"excerpt":{"rendered":"<p>Est\u00e1 dirigida a responsables de distintas reparticiones provinciales que tienen sede en esa ciudad. Los pr\u00f3ximos encuentros ser\u00e1n el 26 de febrero y el 7 de marzo.<\/p>\n","protected":false},"author":4,"featured_media":12059,"comment_status":"closed","ping_status":"closed","sticky":false,"template":"","format":"standard","meta":{"footnotes":""},"categories":[4],"tags":[],"class_list":["post-12058","post","type-post","status-publish","format-standard","has-post-thumbnail","hentry","category-la-provincia"],"_links":{"self":[{"href":"https:\/\/lavozpuntana.com\/index.php?rest_route=\/wp\/v2\/posts\/12058","targetHints":{"allow":["GET"]}}],"collection":[{"href":"https:\/\/lavozpuntana.com\/index.php?rest_route=\/wp\/v2\/posts"}],"about":[{"href":"https:\/\/lavozpuntana.com\/index.php?rest_route=\/wp\/v2\/types\/post"}],"author":[{"embeddable":true,"href":"https:\/\/lavozpuntana.com\/index.php?rest_route=\/wp\/v2\/users\/4"}],"replies":[{"embeddable":true,"href":"https:\/\/lavozpuntana.com\/index.php?rest_route=%2Fwp%2Fv2%2Fcomments&post=12058"}],"version-history":[{"count":1,"href":"https:\/\/lavozpuntana.com\/index.php?rest_route=\/wp\/v2\/posts\/12058\/revisions"}],"predecessor-version":[{"id":12060,"href":"https:\/\/lavozpuntana.com\/index.php?rest_route=\/wp\/v2\/posts\/12058\/revisions\/12060"}],"wp:featuredmedia":[{"embeddable":true,"href":"https:\/\/lavozpuntana.com\/index.php?rest_route=\/wp\/v2\/media\/12059"}],"wp:attachment":[{"href":"https:\/\/lavozpuntana.com\/index.php?rest_route=%2Fwp%2Fv2%2Fmedia&parent=12058"}],"wp:term":[{"taxonomy":"category","embeddable":true,"href":"https:\/\/lavozpuntana.com\/index.php?rest_route=%2Fwp%2Fv2%2Fcategories&post=12058"},{"taxonomy":"post_tag","embeddable":true,"href":"https:\/\/lavozpuntana.com\/index.php?rest_route=%2Fwp%2Fv2%2Ftags&post=12058"}],"curies":[{"name":"wp","href":"https:\/\/api.w.org\/{rel}","templated":true}]}}