{"id":12068,"date":"2024-02-22T16:51:29","date_gmt":"2024-02-22T19:51:29","guid":{"rendered":"https:\/\/lavozpuntana.com\/?p=12068"},"modified":"2024-02-22T16:51:32","modified_gmt":"2024-02-22T19:51:32","slug":"dos-hombres-fueron-detenidos-por-robar-en-una-vivienda-en-villa-mercedes","status":"publish","type":"post","link":"https:\/\/lavozpuntana.com\/?p=12068","title":{"rendered":"DOS HOMBRES FUERON DETENIDOS POR ROBAR EN UNA VIVIENDA EN VILLA MERCEDES"},"content":{"rendered":"\n<figure class=\"wp-block-image size-large\"><img loading=\"lazy\" decoding=\"async\" width=\"963\" height=\"952\" src=\"https:\/\/lavozpuntana.com\/wp-content\/uploads\/2024\/02\/WhatsApp-Image-2024-02-22-at-16.10.10.jpeg\" alt=\"\" class=\"wp-image-12069\" srcset=\"https:\/\/lavozpuntana.com\/wp-content\/uploads\/2024\/02\/WhatsApp-Image-2024-02-22-at-16.10.10.jpeg 963w, https:\/\/lavozpuntana.com\/wp-content\/uploads\/2024\/02\/WhatsApp-Image-2024-02-22-at-16.10.10-300x297.jpeg 300w, https:\/\/lavozpuntana.com\/wp-content\/uploads\/2024\/02\/WhatsApp-Image-2024-02-22-at-16.10.10-768x759.jpeg 768w\" sizes=\"auto, (max-width: 963px) 100vw, 963px\" \/><\/figure>\n\n\n\n<p><strong>Este mi\u00e9rcoles, en horas de la madrugada, efectivos policiales de la Divisi\u00f3n Respuesta Inmediata Motorizada (DRIM) de la Unidad Regional de Orden P\u00fablico (UROP) N\u00b02, demoraron en la ciudad de Villa Mercedes a dos hombres, de 28 y 29 a\u00f1os, quienes circulaban con actitud sospechosa y con elementos de dudosa procedencia.<\/strong><\/p>\n\n\n\n<p>El procedimiento se llev\u00f3 a cabo en las inmediaciones de calles Necochea y Pedernera, cuando los sujetos cargaban diversos elementos como una lona y latas vac\u00edas. En ese momento, se present\u00f3 en el lugar un hombre que reconoci\u00f3 a los individuos como los autores de un robo que hab\u00eda sufrido en su vivienda horas m\u00e1s tempranas.<\/p>\n\n\n\n<p>Personal de la Comisar\u00eda 8\u00b0 se hizo cargo de los demorados y fueron trasladados a la dependencia para continuar con las diligencias de rigor. Posteriormente, tom\u00f3 intervenci\u00f3n la Comisar\u00eda 40\u00b0, ya que el damnificado del robo hab\u00eda hecho la denuncia en esa seccional.<\/p>\n\n\n\n<p>Desde la Fiscal\u00eda de turno de la Segunda Circunscripci\u00f3n Judicial se orden\u00f3 que se contin\u00faen con las tareas investigativas y, tras recabar diversos elementos probatorios, orden\u00f3 que los sujetos queden detenidos, imput\u00e1ndoles la causa \u201caveriguaci\u00f3n robo\u201d.<\/p>\n","protected":false},"excerpt":{"rendered":"<p>Este mi\u00e9rcoles, en horas de la madrugada, efectivos policiales de la Divisi\u00f3n Respuesta Inmediata Motorizada (DRIM) de la Unidad Regional de Orden P\u00fablico (UROP) N\u00b02, demoraron en la ciudad de Villa Mercedes a dos hombres, de 28 y 29 a\u00f1os, quienes circulaban con actitud sospechosa y con elementos de dudosa procedencia.<\/p>\n","protected":false},"author":4,"featured_media":12070,"comment_status":"closed","ping_status":"closed","sticky":false,"template":"","format":"standard","meta":{"footnotes":""},"categories":[4],"tags":[],"class_list":["post-12068","post","type-post","status-publish","format-standard","has-post-thumbnail","hentry","category-la-provincia"],"_links":{"self":[{"href":"https:\/\/lavozpuntana.com\/index.php?rest_route=\/wp\/v2\/posts\/12068","targetHints":{"allow":["GET"]}}],"collection":[{"href":"https:\/\/lavozpuntana.com\/index.php?rest_route=\/wp\/v2\/posts"}],"about":[{"href":"https:\/\/lavozpuntana.com\/index.php?rest_route=\/wp\/v2\/types\/post"}],"author":[{"embeddable":true,"href":"https:\/\/lavozpuntana.com\/index.php?rest_route=\/wp\/v2\/users\/4"}],"replies":[{"embeddable":true,"href":"https:\/\/lavozpuntana.com\/index.php?rest_route=%2Fwp%2Fv2%2Fcomments&post=12068"}],"version-history":[{"count":1,"href":"https:\/\/lavozpuntana.com\/index.php?rest_route=\/wp\/v2\/posts\/12068\/revisions"}],"predecessor-version":[{"id":12071,"href":"https:\/\/lavozpuntana.com\/index.php?rest_route=\/wp\/v2\/posts\/12068\/revisions\/12071"}],"wp:featuredmedia":[{"embeddable":true,"href":"https:\/\/lavozpuntana.com\/index.php?rest_route=\/wp\/v2\/media\/12070"}],"wp:attachment":[{"href":"https:\/\/lavozpuntana.com\/index.php?rest_route=%2Fwp%2Fv2%2Fmedia&parent=12068"}],"wp:term":[{"taxonomy":"category","embeddable":true,"href":"https:\/\/lavozpuntana.com\/index.php?rest_route=%2Fwp%2Fv2%2Fcategories&post=12068"},{"taxonomy":"post_tag","embeddable":true,"href":"https:\/\/lavozpuntana.com\/index.php?rest_route=%2Fwp%2Fv2%2Ftags&post=12068"}],"curies":[{"name":"wp","href":"https:\/\/api.w.org\/{rel}","templated":true}]}}