{"id":12072,"date":"2024-02-22T16:55:00","date_gmt":"2024-02-22T19:55:00","guid":{"rendered":"https:\/\/lavozpuntana.com\/?p=12072"},"modified":"2024-02-22T16:55:02","modified_gmt":"2024-02-22T19:55:02","slug":"san-luis-la-policia-demoro-a-un-hombre-que-robaba-cables","status":"publish","type":"post","link":"https:\/\/lavozpuntana.com\/?p=12072","title":{"rendered":"SAN LUIS: LA POLIC\u00cdA DEMOR\u00d3 A UN HOMBRE QUE ROBABA CABLES"},"content":{"rendered":"\n<figure class=\"wp-block-image size-large\"><img loading=\"lazy\" decoding=\"async\" width=\"720\" height=\"589\" src=\"http:\/\/lavozpuntana.com\/wp-content\/uploads\/2024\/02\/WhatsApp-Image-2024-02-22-at-16.12.12.jpeg\" alt=\"\" class=\"wp-image-12073\" srcset=\"https:\/\/lavozpuntana.com\/wp-content\/uploads\/2024\/02\/WhatsApp-Image-2024-02-22-at-16.12.12.jpeg 720w, https:\/\/lavozpuntana.com\/wp-content\/uploads\/2024\/02\/WhatsApp-Image-2024-02-22-at-16.12.12-300x245.jpeg 300w\" sizes=\"auto, (max-width: 720px) 100vw, 720px\" \/><\/figure>\n\n\n\n<p><strong>Este mi\u00e9rcoles, efectivos policiales demoraron a un hombre mayor de edad que fue sorprendido cuando robaba cables de la v\u00eda p\u00fablica.<\/strong><\/p>\n\n\n\n<p>El hecho se produjo en las inmediaciones de la Ruta a Pescadores y Avenida Quinto Centenario, en la zona oeste de la ciudad de San Luis.<\/p>\n\n\n\n<p>Al llegar al lugar tras un alerta del Centro de Atenci\u00f3n de Emergencias, personal policial observ\u00f3 que el sujeto -que circulaba por la calzada- arroj\u00f3 un bulto en el cantero central de la avenida. Posteriormente, se constat\u00f3 que el bulto conten\u00eda en su interior un rollo de cable de aproximadamente unos 25 metros de largo, que el hombre hab\u00eda sustra\u00eddo en la zona. Adem\u00e1s, al sujeto se le secuestr\u00f3 un cuchillo tipo serrucho.<\/p>\n","protected":false},"excerpt":{"rendered":"<p>Este mi\u00e9rcoles, efectivos policiales demoraron a un hombre mayor de edad que fue sorprendido cuando robaba cables de la v\u00eda p\u00fablica.<\/p>\n","protected":false},"author":4,"featured_media":12073,"comment_status":"closed","ping_status":"closed","sticky":false,"template":"","format":"standard","meta":{"footnotes":""},"categories":[4],"tags":[],"class_list":["post-12072","post","type-post","status-publish","format-standard","has-post-thumbnail","hentry","category-la-provincia"],"_links":{"self":[{"href":"https:\/\/lavozpuntana.com\/index.php?rest_route=\/wp\/v2\/posts\/12072","targetHints":{"allow":["GET"]}}],"collection":[{"href":"https:\/\/lavozpuntana.com\/index.php?rest_route=\/wp\/v2\/posts"}],"about":[{"href":"https:\/\/lavozpuntana.com\/index.php?rest_route=\/wp\/v2\/types\/post"}],"author":[{"embeddable":true,"href":"https:\/\/lavozpuntana.com\/index.php?rest_route=\/wp\/v2\/users\/4"}],"replies":[{"embeddable":true,"href":"https:\/\/lavozpuntana.com\/index.php?rest_route=%2Fwp%2Fv2%2Fcomments&post=12072"}],"version-history":[{"count":1,"href":"https:\/\/lavozpuntana.com\/index.php?rest_route=\/wp\/v2\/posts\/12072\/revisions"}],"predecessor-version":[{"id":12074,"href":"https:\/\/lavozpuntana.com\/index.php?rest_route=\/wp\/v2\/posts\/12072\/revisions\/12074"}],"wp:featuredmedia":[{"embeddable":true,"href":"https:\/\/lavozpuntana.com\/index.php?rest_route=\/wp\/v2\/media\/12073"}],"wp:attachment":[{"href":"https:\/\/lavozpuntana.com\/index.php?rest_route=%2Fwp%2Fv2%2Fmedia&parent=12072"}],"wp:term":[{"taxonomy":"category","embeddable":true,"href":"https:\/\/lavozpuntana.com\/index.php?rest_route=%2Fwp%2Fv2%2Fcategories&post=12072"},{"taxonomy":"post_tag","embeddable":true,"href":"https:\/\/lavozpuntana.com\/index.php?rest_route=%2Fwp%2Fv2%2Ftags&post=12072"}],"curies":[{"name":"wp","href":"https:\/\/api.w.org\/{rel}","templated":true}]}}