{"id":12083,"date":"2024-02-23T11:41:41","date_gmt":"2024-02-23T14:41:41","guid":{"rendered":"https:\/\/lavozpuntana.com\/?p=12083"},"modified":"2024-02-23T11:41:42","modified_gmt":"2024-02-23T14:41:42","slug":"el-rector-de-la-unvime-fue-electo-presidente-de-la-red-de-universidades-e-institutos-puntanos","status":"publish","type":"post","link":"https:\/\/lavozpuntana.com\/?p=12083","title":{"rendered":"EL RECTOR DE LA UNVIME FUE ELECTO PRESIDENTE DE LA RED DE UNIVERSIDADES E INSTITUTOS PUNTANOS"},"content":{"rendered":"\n<figure class=\"wp-block-image size-large\"><img loading=\"lazy\" decoding=\"async\" width=\"1024\" height=\"576\" src=\"http:\/\/lavozpuntana.com\/wp-content\/uploads\/2024\/02\/WhatsApp-Image-2024-02-22-at-21.41.24-1024x576.jpeg\" alt=\"\" class=\"wp-image-12084\" srcset=\"https:\/\/lavozpuntana.com\/wp-content\/uploads\/2024\/02\/WhatsApp-Image-2024-02-22-at-21.41.24-1024x576.jpeg 1024w, https:\/\/lavozpuntana.com\/wp-content\/uploads\/2024\/02\/WhatsApp-Image-2024-02-22-at-21.41.24-300x169.jpeg 300w, https:\/\/lavozpuntana.com\/wp-content\/uploads\/2024\/02\/WhatsApp-Image-2024-02-22-at-21.41.24-768x432.jpeg 768w, https:\/\/lavozpuntana.com\/wp-content\/uploads\/2024\/02\/WhatsApp-Image-2024-02-22-at-21.41.24-800x450.jpeg 800w, https:\/\/lavozpuntana.com\/wp-content\/uploads\/2024\/02\/WhatsApp-Image-2024-02-22-at-21.41.24.jpeg 1280w\" sizes=\"auto, (max-width: 1024px) 100vw, 1024px\" \/><\/figure>\n\n\n\n<p><strong>La designaci\u00f3n de Marcelo Sosa tuvo lugar este jueves por la tarde, en la reuni\u00f3n plenaria que se desarroll\u00f3 en el Sal\u00f3n de los Escudos de la Universidad Nacional de San Luis.<\/strong><\/p>\n\n\n\n<p>El encuentro cont\u00f3 con la presencia del vicerrector de la UNVIME, Santiago Farenga, adem\u00e1s de representantes de todas las universidades p\u00fablicas y privadas e institutos que conforman la RedUIP, como asimismo del ministro de Educaci\u00f3n de la provincia, Guillermo Araujo, como invitado especial.<\/p>\n\n\n\n<p>En cumplimiento del Art. 14 del Estatuto de la red, el Rector de la UNSL V\u00edctor Mori\u00f1igo, propuso a su par de la UNViMe para regir los destinos de la Red de Universidades e Institutos Puntanos, por los pr\u00f3ximos seis (6) meses, lo cual fue votado por unanimidad.<\/p>\n\n\n\n<p>El Rector Marcelo Sosa agradeci\u00f3 a la UNSL la propuesta y el respaldo de sus pares, expres\u00f3 su orgullo por la responsabilidad conferida y se comprometi\u00f3 en nombre de la UNViMe a trabajar en pos del fortalecimiento de la RedUIP.<\/p>\n","protected":false},"excerpt":{"rendered":"<p>La designaci\u00f3n de Marcelo Sosa tuvo lugar este jueves por la tarde, en la reuni\u00f3n plenaria que se desarroll\u00f3 en el Sal\u00f3n de los Escudos de la Universidad Nacional de San Luis.<\/p>\n","protected":false},"author":4,"featured_media":12084,"comment_status":"closed","ping_status":"closed","sticky":false,"template":"","format":"standard","meta":{"footnotes":""},"categories":[4],"tags":[],"class_list":["post-12083","post","type-post","status-publish","format-standard","has-post-thumbnail","hentry","category-la-provincia"],"_links":{"self":[{"href":"https:\/\/lavozpuntana.com\/index.php?rest_route=\/wp\/v2\/posts\/12083","targetHints":{"allow":["GET"]}}],"collection":[{"href":"https:\/\/lavozpuntana.com\/index.php?rest_route=\/wp\/v2\/posts"}],"about":[{"href":"https:\/\/lavozpuntana.com\/index.php?rest_route=\/wp\/v2\/types\/post"}],"author":[{"embeddable":true,"href":"https:\/\/lavozpuntana.com\/index.php?rest_route=\/wp\/v2\/users\/4"}],"replies":[{"embeddable":true,"href":"https:\/\/lavozpuntana.com\/index.php?rest_route=%2Fwp%2Fv2%2Fcomments&post=12083"}],"version-history":[{"count":1,"href":"https:\/\/lavozpuntana.com\/index.php?rest_route=\/wp\/v2\/posts\/12083\/revisions"}],"predecessor-version":[{"id":12085,"href":"https:\/\/lavozpuntana.com\/index.php?rest_route=\/wp\/v2\/posts\/12083\/revisions\/12085"}],"wp:featuredmedia":[{"embeddable":true,"href":"https:\/\/lavozpuntana.com\/index.php?rest_route=\/wp\/v2\/media\/12084"}],"wp:attachment":[{"href":"https:\/\/lavozpuntana.com\/index.php?rest_route=%2Fwp%2Fv2%2Fmedia&parent=12083"}],"wp:term":[{"taxonomy":"category","embeddable":true,"href":"https:\/\/lavozpuntana.com\/index.php?rest_route=%2Fwp%2Fv2%2Fcategories&post=12083"},{"taxonomy":"post_tag","embeddable":true,"href":"https:\/\/lavozpuntana.com\/index.php?rest_route=%2Fwp%2Fv2%2Ftags&post=12083"}],"curies":[{"name":"wp","href":"https:\/\/api.w.org\/{rel}","templated":true}]}}