{"id":12110,"date":"2024-03-06T12:07:44","date_gmt":"2024-03-06T15:07:44","guid":{"rendered":"https:\/\/lavozpuntana.com\/?p=12110"},"modified":"2024-03-06T12:07:46","modified_gmt":"2024-03-06T15:07:46","slug":"la-unvime-se-extendio-al-valle-del-conlara","status":"publish","type":"post","link":"https:\/\/lavozpuntana.com\/?p=12110","title":{"rendered":"LA UNVIME SE EXTENDI\u00d3 AL VALLE DEL CONLARA"},"content":{"rendered":"\n<figure class=\"wp-block-image size-large\"><img loading=\"lazy\" decoding=\"async\" width=\"1024\" height=\"576\" src=\"http:\/\/lavozpuntana.com\/wp-content\/uploads\/2024\/03\/WhatsApp-Image-2024-03-05-at-18.05.44-1024x576.jpeg\" alt=\"\" class=\"wp-image-12111\" srcset=\"https:\/\/lavozpuntana.com\/wp-content\/uploads\/2024\/03\/WhatsApp-Image-2024-03-05-at-18.05.44-1024x576.jpeg 1024w, https:\/\/lavozpuntana.com\/wp-content\/uploads\/2024\/03\/WhatsApp-Image-2024-03-05-at-18.05.44-300x169.jpeg 300w, https:\/\/lavozpuntana.com\/wp-content\/uploads\/2024\/03\/WhatsApp-Image-2024-03-05-at-18.05.44-768x432.jpeg 768w, https:\/\/lavozpuntana.com\/wp-content\/uploads\/2024\/03\/WhatsApp-Image-2024-03-05-at-18.05.44-800x450.jpeg 800w, https:\/\/lavozpuntana.com\/wp-content\/uploads\/2024\/03\/WhatsApp-Image-2024-03-05-at-18.05.44.jpeg 1280w\" sizes=\"auto, (max-width: 1024px) 100vw, 1024px\" \/><\/figure>\n\n\n\n<p><strong>El lunes se firm\u00f3 un convenio entre la Universidad y la Municipalidad de Tilisarao, se dictar\u00e1 por primera vez una carrera de grado en la localidad.<\/strong><\/p>\n\n\n\n<p>La r\u00fabrica se firm\u00f3 cerca de las 11:00 en la municipalidad, cont\u00f3 con la participaci\u00f3n del Intendente Juan Manuel Olguin, el rector de la universidad Nacional de Villa Mercedes Doctor Marcelo Sosa, el vicerrector Licenciado Santiago Farenga y dem\u00e1s autoridades. En la firma se gener\u00f3 el compromiso de al menos por el tiempo de duraci\u00f3n de la carrera de Profesorado Universitario de Nivel Inicial. En horas est\u00e1 previsto el primer contacto con los futuros ingresantes que dar\u00edan inicio electivo este a\u00f1o.<\/p>\n","protected":false},"excerpt":{"rendered":"<p>El lunes se firm\u00f3 un convenio entre la Universidad y la Municipalidad de Tilisarao, se dictar\u00e1 por primera vez una carrera de grado en la localidad.<\/p>\n","protected":false},"author":4,"featured_media":12111,"comment_status":"closed","ping_status":"closed","sticky":false,"template":"","format":"standard","meta":{"footnotes":""},"categories":[4],"tags":[],"class_list":["post-12110","post","type-post","status-publish","format-standard","has-post-thumbnail","hentry","category-la-provincia"],"_links":{"self":[{"href":"https:\/\/lavozpuntana.com\/index.php?rest_route=\/wp\/v2\/posts\/12110","targetHints":{"allow":["GET"]}}],"collection":[{"href":"https:\/\/lavozpuntana.com\/index.php?rest_route=\/wp\/v2\/posts"}],"about":[{"href":"https:\/\/lavozpuntana.com\/index.php?rest_route=\/wp\/v2\/types\/post"}],"author":[{"embeddable":true,"href":"https:\/\/lavozpuntana.com\/index.php?rest_route=\/wp\/v2\/users\/4"}],"replies":[{"embeddable":true,"href":"https:\/\/lavozpuntana.com\/index.php?rest_route=%2Fwp%2Fv2%2Fcomments&post=12110"}],"version-history":[{"count":1,"href":"https:\/\/lavozpuntana.com\/index.php?rest_route=\/wp\/v2\/posts\/12110\/revisions"}],"predecessor-version":[{"id":12112,"href":"https:\/\/lavozpuntana.com\/index.php?rest_route=\/wp\/v2\/posts\/12110\/revisions\/12112"}],"wp:featuredmedia":[{"embeddable":true,"href":"https:\/\/lavozpuntana.com\/index.php?rest_route=\/wp\/v2\/media\/12111"}],"wp:attachment":[{"href":"https:\/\/lavozpuntana.com\/index.php?rest_route=%2Fwp%2Fv2%2Fmedia&parent=12110"}],"wp:term":[{"taxonomy":"category","embeddable":true,"href":"https:\/\/lavozpuntana.com\/index.php?rest_route=%2Fwp%2Fv2%2Fcategories&post=12110"},{"taxonomy":"post_tag","embeddable":true,"href":"https:\/\/lavozpuntana.com\/index.php?rest_route=%2Fwp%2Fv2%2Ftags&post=12110"}],"curies":[{"name":"wp","href":"https:\/\/api.w.org\/{rel}","templated":true}]}}