{"id":12113,"date":"2024-03-06T12:17:05","date_gmt":"2024-03-06T15:17:05","guid":{"rendered":"https:\/\/lavozpuntana.com\/?p=12113"},"modified":"2024-03-06T12:17:07","modified_gmt":"2024-03-06T15:17:07","slug":"javier-milei-se-retracto-tras-haber-dicho-que-alberto-fernandez-tomaba-champagne-cristal-en-olivos-todos-los-dias","status":"publish","type":"post","link":"https:\/\/lavozpuntana.com\/?p=12113","title":{"rendered":"JAVIER MILEI SE RETRACT\u00d3 TRAS HABER DICHO QUE ALBERTO FERN\u00c1NDEZ TOMABA CHAMPAGNE CRISTAL EN OLIVOS TODOS LOS D\u00cdAS"},"content":{"rendered":"\n<figure class=\"wp-block-image size-large\"><img loading=\"lazy\" decoding=\"async\" width=\"1024\" height=\"576\" src=\"http:\/\/lavozpuntana.com\/wp-content\/uploads\/2024\/02\/65ccb81e83634_1200-1024x576.jpg\" alt=\"\" class=\"wp-image-12047\" srcset=\"https:\/\/lavozpuntana.com\/wp-content\/uploads\/2024\/02\/65ccb81e83634_1200-1024x576.jpg 1024w, https:\/\/lavozpuntana.com\/wp-content\/uploads\/2024\/02\/65ccb81e83634_1200-300x169.jpg 300w, https:\/\/lavozpuntana.com\/wp-content\/uploads\/2024\/02\/65ccb81e83634_1200-768x432.jpg 768w, https:\/\/lavozpuntana.com\/wp-content\/uploads\/2024\/02\/65ccb81e83634_1200-800x450.jpg 800w, https:\/\/lavozpuntana.com\/wp-content\/uploads\/2024\/02\/65ccb81e83634_1200.jpg 1200w\" sizes=\"auto, (max-width: 1024px) 100vw, 1024px\" \/><\/figure>\n\n\n\n<p><strong>Despu\u00e9s de sus dichos en la feria Expoagro, el mandatario asegur\u00f3 que la informaci\u00f3n era incorrecta y afirm\u00f3: \u201cDisculparse cuando uno se equivoca es lo que corresponde\u201d<\/strong>. <\/p>\n\n\n\n<p>Durante la Expoagro, Javier Milei brind\u00f3 un discurso donde se refiri\u00f3 a las costumbres de Alberto Fern\u00e1ndez en la Quinta de Olivos. Al respecto, cuestion\u00f3 el consumo diario de champagne en la residencia oficial, pero horas m\u00e1s tarde, reconoci\u00f3 que dicho dato era falso y pidi\u00f3 disculpas.<\/p>\n\n\n\n<p>Al hablar sobre los recortes realizados desde el inicio de su gobierno, el Presidente afirm\u00f3 que \u201cen la administraci\u00f3n anterior, en donde estoy viviendo, se almorzaba y cenaba con champagne Cristal todos los d\u00edas\u201d.<\/p>\n\n\n\n<p>Por tal motivo, plante\u00f3 que \u201csi vienen a la Quinta, no los voy a recibir as\u00ed. Lo \u00fanico ex\u00f3tico que les puede ofrecer es el keter que tomo en shabat, es un jugo de uva para los que no tomamos alcohol\u201d.<\/p>\n\n\n\n<p>Frente a la acusaci\u00f3n recibida, Alberto Fern\u00e1ndez no tard\u00f3 en reaccionar y asegur\u00f3: \u201cEsto es una mentira. Espero que quien lo ha dicho lo desmienta de inmediato\u201d. Luego de la medianoche, Milei us\u00f3 su cuenta de X (ex Twitter) para afirmar que hab\u00eda cometido un error.<\/p>\n\n\n\n<p>&nbsp;\u201cMe dicen que la informaci\u00f3n acerca del consumo de champagne en Olivos en la anterior administraci\u00f3n era incorrecta\u201d, sostuvo el mandatario. Y en un gesto conciliador, reconoci\u00f3 que \u201cdisculparse cuando uno se equivoca es lo que corresponde\u201d.<\/p>\n\n\n\n<p>En un nuevo posteo, Fern\u00e1ndez valor\u00f3 esa \u201cretractaci\u00f3n\u201d, pero asegur\u00f3: \u201cDescalificar al adversario imput\u00e1ndole falsedades solo degrada a la pol\u00edtica. Ser\u00eda mejor corregir el rumbo y abandonar el discurso del odio\u201d.<\/p>\n\n\n\n<p>En la conferencia privada para empresarios en el Auditorio de Agronegocios, Milei tambi\u00e9n aprovech\u00f3 la oportunidad para adelantar que tienen por objetivo levantar el cepo cambiario a mediados de a\u00f1o y que estiman que la inflaci\u00f3n del mes de febrero rondar\u00e1 el 15 por ciento.<\/p>\n\n\n\n<p>Entre los temas tratados durante el evento, el mandatario tambi\u00e9n cuestion\u00f3 la corrupci\u00f3n en el Congreso para la aprobaci\u00f3n de leyes. Al respecto, sostuvo que \u201cnosotros no soportamos el choreo, no soportamos a los ladrones. Una de las cosas que pasaba cuando yo era diputado, que era criticado por los medios, injustamente, obviamente, siempre votaba en general y cuando se votaba en particular me levantaba porque no me prestaba al robo de la pol\u00edtica de negociar en particular que es donde negocian el choreo\u201d.<\/p>\n\n\n\n<p>Al recordar el debate por la Ley Bases, el mandatario indic\u00f3 que \u201cen un momento se pusieron a discutir los Fondos Fiduciarios, que ahora todos se dan cuenta que eran cajas negras de donde roban violentamente. Pero tuvo que pasar en un gobierno liberal. Todos los pseudos progres que tuvimos nunca pas\u00f3 nada. Y eso que tenemos denunciadores seriales, abanderados de la Rep\u00fablica\u201d.<\/p>\n\n\n\n<p>Sobre este punto, continu\u00f3: \u201cHay un republicanismo bastante raro en la Argentina. Cuando apareci\u00f3 la discusi\u00f3n de los Fondos Fiduciarios salt\u00f3 toda la porquer\u00eda. Y como gran parte del c\u00edrculo rojo no la ve, vendieron que era una derrota. No entendieron nada. Cuando yo decido levantar la Ley Bases, ah\u00ed el punto central es el siguiente: los dej\u00e9 de manifiesto, quedaron los ladrones a la vista. Por los orcos no me voy a preocupar, son incorregibles. Pero al menos son delincuentes que no se ocultan, no pretenden ser tratados como se\u00f1ores. El problema son los delincuentes de guante blanco que pretenden ser tratados como se\u00f1ores y se muestran como abanderados del cambio. Eso salt\u00f3 con fuerza y la realidad es que para tener una ley que la vaciaron de contenido porque empezaron a mantener sus privilegios, prefer\u00ed levantarla. Lo mejor es que quedaron en evidencia\u201d.<\/p>\n\n\n\n<p>Por \u00faltimo, Milei se refiri\u00f3 al cierre de T\u00e9lam y justific\u00f3 la medida del Gobierno: \u201cLas empresas p\u00fablicas son aguantaderos de la pol\u00edtica, las usan como caja. Las llenan de empleados. Ahora est\u00e1n todos llorando por T\u00e9lam. Hay un delincuente que dice \u2018ay, cierra T\u00e9lam como si fuera importante en t\u00e9rminos de gasto p\u00fablico\u2019. Yo dir\u00eda que si no es importante, \u00bfpor qu\u00e9 no la pone de la de \u00e9l? Pero de la de \u00e9l, no. Ese mismo delincuente dice que en realidad habr\u00eda que hacerla eficiente. Todo estatista que les quiera robar, habla de la eficiencia que tendr\u00edan que tener las empresas del Estado\u201d.<\/p>\n\n\n\n<p>Fuente: Infobae.<\/p>\n","protected":false},"excerpt":{"rendered":"<p>Despu\u00e9s de sus dichos en la feria Expoagro, el mandatario asegur\u00f3 que la informaci\u00f3n era incorrecta y afirm\u00f3: \u201cDisculparse cuando uno se equivoca es lo que corresponde\u201d.<\/p>\n","protected":false},"author":4,"featured_media":12047,"comment_status":"closed","ping_status":"closed","sticky":false,"template":"","format":"standard","meta":{"footnotes":""},"categories":[5],"tags":[],"class_list":["post-12113","post","type-post","status-publish","format-standard","has-post-thumbnail","hentry","category-el-pais"],"_links":{"self":[{"href":"https:\/\/lavozpuntana.com\/index.php?rest_route=\/wp\/v2\/posts\/12113","targetHints":{"allow":["GET"]}}],"collection":[{"href":"https:\/\/lavozpuntana.com\/index.php?rest_route=\/wp\/v2\/posts"}],"about":[{"href":"https:\/\/lavozpuntana.com\/index.php?rest_route=\/wp\/v2\/types\/post"}],"author":[{"embeddable":true,"href":"https:\/\/lavozpuntana.com\/index.php?rest_route=\/wp\/v2\/users\/4"}],"replies":[{"embeddable":true,"href":"https:\/\/lavozpuntana.com\/index.php?rest_route=%2Fwp%2Fv2%2Fcomments&post=12113"}],"version-history":[{"count":1,"href":"https:\/\/lavozpuntana.com\/index.php?rest_route=\/wp\/v2\/posts\/12113\/revisions"}],"predecessor-version":[{"id":12114,"href":"https:\/\/lavozpuntana.com\/index.php?rest_route=\/wp\/v2\/posts\/12113\/revisions\/12114"}],"wp:featuredmedia":[{"embeddable":true,"href":"https:\/\/lavozpuntana.com\/index.php?rest_route=\/wp\/v2\/media\/12047"}],"wp:attachment":[{"href":"https:\/\/lavozpuntana.com\/index.php?rest_route=%2Fwp%2Fv2%2Fmedia&parent=12113"}],"wp:term":[{"taxonomy":"category","embeddable":true,"href":"https:\/\/lavozpuntana.com\/index.php?rest_route=%2Fwp%2Fv2%2Fcategories&post=12113"},{"taxonomy":"post_tag","embeddable":true,"href":"https:\/\/lavozpuntana.com\/index.php?rest_route=%2Fwp%2Fv2%2Ftags&post=12113"}],"curies":[{"name":"wp","href":"https:\/\/api.w.org\/{rel}","templated":true}]}}