{"id":12115,"date":"2024-03-06T12:22:04","date_gmt":"2024-03-06T15:22:04","guid":{"rendered":"https:\/\/lavozpuntana.com\/?p=12115"},"modified":"2024-03-06T12:22:06","modified_gmt":"2024-03-06T15:22:06","slug":"potenciar-trabajo-el-gobierno-suspendio-el-programa-a-236-beneficiarios-con-incompatibilidades","status":"publish","type":"post","link":"https:\/\/lavozpuntana.com\/?p=12115","title":{"rendered":"POTENCIAR TRABAJO: EL GOBIERNO SUSPENDI\u00d3 EL PROGRAMA A 236 BENEFICIARIOS CON INCOMPATIBILIDADES"},"content":{"rendered":"\n<figure class=\"wp-block-image size-large\"><img loading=\"lazy\" decoding=\"async\" width=\"1024\" height=\"512\" src=\"http:\/\/lavozpuntana.com\/wp-content\/uploads\/2024\/03\/2G5ACYMWGNG6RECRKWMKDDDTZE-1024x512.jpg\" alt=\"\" class=\"wp-image-12116\" srcset=\"https:\/\/lavozpuntana.com\/wp-content\/uploads\/2024\/03\/2G5ACYMWGNG6RECRKWMKDDDTZE-1024x512.jpg 1024w, https:\/\/lavozpuntana.com\/wp-content\/uploads\/2024\/03\/2G5ACYMWGNG6RECRKWMKDDDTZE-300x150.jpg 300w, https:\/\/lavozpuntana.com\/wp-content\/uploads\/2024\/03\/2G5ACYMWGNG6RECRKWMKDDDTZE-768x384.jpg 768w, https:\/\/lavozpuntana.com\/wp-content\/uploads\/2024\/03\/2G5ACYMWGNG6RECRKWMKDDDTZE.jpg 1200w\" sizes=\"auto, (max-width: 1024px) 100vw, 1024px\" \/><\/figure>\n\n\n\n<p><strong>La decisi\u00f3n responde a la detecci\u00f3n de irregularidades con las normas del programa en lo que respecta al empleo p\u00fablico.<\/strong><\/p>\n\n\n\n<p>El Gobierno suspendi\u00f3 el cobro del programa Potenciar Trabajo a m\u00e1s de 200 beneficiarios por posible incompatibilidad con el empleo p\u00fablico, mediante la Resoluci\u00f3n 115\/2024 publicada este mi\u00e9rcoles en el Bolet\u00edn Oficial.<\/p>\n\n\n\n<p>El documento oficial suspendi\u00f3 el pago del salario social complementario que se le realizaba a 236 titulares inscriptos al Programa Nacional de Inclusi\u00f3n Socio-productiva y Desarrollo Social (Potenciar Trabajo) por irregularidades con las condiciones necesarias a cumplir para recibir el beneficio.<\/p>\n\n\n\n<p>La incompatibilidad con las normas del programa, expuesta por el Ejecutivo, reside en las personas que figuran con empleo p\u00fablico en los distritos de la Ciudad Aut\u00f3noma de Buenos Aires, Chaco, San Juan, San Luis, Neuqu\u00e9n, Santiago del Estero y La Pampa.<\/p>\n\n\n\n<p>A ra\u00edz de esta irregularidad, el secretario nacional de Ni\u00f1ez, Adolescencia y Familia, Pablo Mar\u00eda de la Torre, solicit\u00f3 \u201cidentificar a las 236 personas de las que no obran datos del Sistema de Identificaci\u00f3n Nacional Tributario y Social (SINTyS), a los que corresponde suspender preventivamente en el marco de lo denunciado por una posible incompatibilidad\u201d.<\/p>\n\n\n\n<p>La suspensi\u00f3n provisoria del plan es por un plazo de tres meses y cumplido dicho periodo, \u201cde no obrar reclamo, se resolver\u00e1 el egreso del Programa\u201d, precis\u00f3, en la Resoluci\u00f3n, el \u00e1rea que est\u00e1 bajo la \u00f3rbita del Ministerio de Capital Humano.<\/p>\n\n\n\n<p>La incompatibilidad fue detectada por la Unidad Fiscal para la Investigaci\u00f3n de Delitos relativos a la Seguridad Social (UFISeS), que remiti\u00f3 a la cartera conducida por Sandra Pettovello \u201coficios a trav\u00e9s de los cuales se establecen las n\u00f3minas de personas detectadas en posible infracci\u00f3n de las normas vigentes que regulan\u201d el plan Potenciar Trabajo.<\/p>\n\n\n\n<p>La nueva baja de beneficiarios, se suma a la dispuesta por Capital Humano en febrero, cuando suspendi\u00f3 a 22.501 beneficiarios del Potenciar Trabajo tras haber detectado irregularidades que no son compatibles con la condici\u00f3n de vulnerabilidad que deben presentar los integrantes del programa.<\/p>\n\n\n\n<p>El Salario Social Complementario, que dejar\u00e1n de cobrar los titulares con irregularidades, es una prestaci\u00f3n econ\u00f3mica individual de percepci\u00f3n peri\u00f3dica y duraci\u00f3n determinada destinada a satisfacer las necesidades b\u00e1sicas de los beneficiarios y sus familias, as\u00ed como promover la sostenibilidad de las actividades que realizan.<\/p>\n\n\n\n<p>La restricci\u00f3n de la prestaci\u00f3n a 236 personas se da en el medio del fin de Potenciar Trabajo anunciado d\u00edas atr\u00e1s por el Gobierno y la creaci\u00f3n del \u201cPrograma Volver al Trabajo\u201d, que funcionar\u00e1 en la \u00f3rbita de la Secretar\u00eda de Trabajo, Empleo y Seguridad, y del \u201cPrograma de Acompa\u00f1amiento Social\u201d, que estar\u00e1 dentro de la Secretar\u00eda de Ni\u00f1ez, Adolescencia y Familia.<\/p>\n\n\n\n<p>Fuente: Noticias Argentinas.<\/p>\n","protected":false},"excerpt":{"rendered":"<p>La decisi\u00f3n responde a la detecci\u00f3n de irregularidades con las normas del programa en lo que respecta al empleo p\u00fablico.<\/p>\n","protected":false},"author":4,"featured_media":12116,"comment_status":"closed","ping_status":"closed","sticky":false,"template":"","format":"standard","meta":{"footnotes":""},"categories":[5],"tags":[],"class_list":["post-12115","post","type-post","status-publish","format-standard","has-post-thumbnail","hentry","category-el-pais"],"_links":{"self":[{"href":"https:\/\/lavozpuntana.com\/index.php?rest_route=\/wp\/v2\/posts\/12115","targetHints":{"allow":["GET"]}}],"collection":[{"href":"https:\/\/lavozpuntana.com\/index.php?rest_route=\/wp\/v2\/posts"}],"about":[{"href":"https:\/\/lavozpuntana.com\/index.php?rest_route=\/wp\/v2\/types\/post"}],"author":[{"embeddable":true,"href":"https:\/\/lavozpuntana.com\/index.php?rest_route=\/wp\/v2\/users\/4"}],"replies":[{"embeddable":true,"href":"https:\/\/lavozpuntana.com\/index.php?rest_route=%2Fwp%2Fv2%2Fcomments&post=12115"}],"version-history":[{"count":1,"href":"https:\/\/lavozpuntana.com\/index.php?rest_route=\/wp\/v2\/posts\/12115\/revisions"}],"predecessor-version":[{"id":12117,"href":"https:\/\/lavozpuntana.com\/index.php?rest_route=\/wp\/v2\/posts\/12115\/revisions\/12117"}],"wp:featuredmedia":[{"embeddable":true,"href":"https:\/\/lavozpuntana.com\/index.php?rest_route=\/wp\/v2\/media\/12116"}],"wp:attachment":[{"href":"https:\/\/lavozpuntana.com\/index.php?rest_route=%2Fwp%2Fv2%2Fmedia&parent=12115"}],"wp:term":[{"taxonomy":"category","embeddable":true,"href":"https:\/\/lavozpuntana.com\/index.php?rest_route=%2Fwp%2Fv2%2Fcategories&post=12115"},{"taxonomy":"post_tag","embeddable":true,"href":"https:\/\/lavozpuntana.com\/index.php?rest_route=%2Fwp%2Fv2%2Ftags&post=12115"}],"curies":[{"name":"wp","href":"https:\/\/api.w.org\/{rel}","templated":true}]}}