{"id":12118,"date":"2024-03-06T12:47:09","date_gmt":"2024-03-06T15:47:09","guid":{"rendered":"https:\/\/lavozpuntana.com\/?p=12118"},"modified":"2024-03-06T12:47:11","modified_gmt":"2024-03-06T15:47:11","slug":"menem-y-villarruel-aumentaron-30-la-dieta-de-los-diputados-y-senadores","status":"publish","type":"post","link":"https:\/\/lavozpuntana.com\/?p=12118","title":{"rendered":"MENEM Y VILLARRUEL AUMENTARON 30% LA DIETA DE LOS DIPUTADOS Y SENADORES"},"content":{"rendered":"\n<figure class=\"wp-block-image size-large\"><img loading=\"lazy\" decoding=\"async\" width=\"1024\" height=\"684\" src=\"http:\/\/lavozpuntana.com\/wp-content\/uploads\/2024\/03\/GURYFZBTYNHJLABSDX6ARWALNI-1024x684.jpg\" alt=\"\" class=\"wp-image-12119\" srcset=\"https:\/\/lavozpuntana.com\/wp-content\/uploads\/2024\/03\/GURYFZBTYNHJLABSDX6ARWALNI-1024x684.jpg 1024w, https:\/\/lavozpuntana.com\/wp-content\/uploads\/2024\/03\/GURYFZBTYNHJLABSDX6ARWALNI-300x200.jpg 300w, https:\/\/lavozpuntana.com\/wp-content\/uploads\/2024\/03\/GURYFZBTYNHJLABSDX6ARWALNI-768x513.jpg 768w, https:\/\/lavozpuntana.com\/wp-content\/uploads\/2024\/03\/GURYFZBTYNHJLABSDX6ARWALNI-1536x1025.jpg 1536w, https:\/\/lavozpuntana.com\/wp-content\/uploads\/2024\/03\/GURYFZBTYNHJLABSDX6ARWALNI-2048x1367.jpg 2048w\" sizes=\"auto, (max-width: 1024px) 100vw, 1024px\" \/><\/figure>\n\n\n\n<p><strong>Acoplaron a los legisladores a la paritaria de los trabajadores del Congreso un aumento acumulativo del 16% a partir del 1\u00b0 de enero de 2024, y del 12% desde el 1\u00b0 de febrero. El sueldo de un diputado tiene un piso de casi $ 2 millones<\/strong><\/p>\n\n\n\n<p>Los presidentes de las C\u00e1maras del Congreso de la Naci\u00f3n decidieron aumentar la dieta de los 329 legisladores que conforman la representaci\u00f3n del Poder Legislativo Nacional. La medida significa un cambio en el rumbo del ajuste que lleva adelante el Gobierno nacional y queda por arriba de la media de las paritarias para el primer bimestre del a\u00f1o.<\/p>\n\n\n\n<p>Mart\u00edn Menem, presidente de la C\u00e1mara de Diputados, y su par del Senado, Victoria Villarruel, firmaron la paritaria de los trabajadores del Congreso de la Naci\u00f3n en la que se estableci\u00f3 que el incremento salarial acumulativo para el primer bimestre del a\u00f1o fue de 16% a partir del 1\u00b0 de enero de 2024 y 12% desde el 1\u00b0 de febrero.<\/p>\n\n\n\n<p>La medida, tomada el pasado 23 de febrero, establec\u00eda que era para el personal del Palacio Legislativo pero no hac\u00eda referencia a los legisladores que, en general, tienen sus dietas atadas a esa negociaci\u00f3n.<\/p>\n\n\n\n<p>La falta de referencia supon\u00eda, en un principio, que los diputados y senadores quedaban afuera del incremento salarial. Mucho m\u00e1s teniendo en cuenta el proceso de racionalizaci\u00f3n y recorte que est\u00e1 llevando adelante la administraci\u00f3n de La Libertad Avanza.<\/p>\n\n\n\n<p>Sin embargo, los recibos de sueldo de los miembros de la C\u00e1mara Alta y Baja fueron mostrando el aumento y un diputado nacional pas\u00f3 de cobrar $ 1.567.000 en enero a $ 1.984.000 en febrero.<\/p>\n\n\n\n<p>La resoluci\u00f3n que lleva la firma de los presidentes de ambas c\u00e1maras se\u00f1ala que \u201cen virtud de la responsabilidad pol\u00edtica, los signatarios del presente acuerdo en representaci\u00f3n de la parte empleadora se comprometen a otorgarlo en funci\u00f3n de la disponibilidad en las partidas presupuestarias, impulsando las diligencias necesarias ante las presidencias de ambas C\u00e1maras\u201d.<\/p>\n\n\n\n<p>Los usos y costumbres marcan que es una \u00fanica paritaria y que impacta tanto en los trabajadores como en los legisladores. Sin embargo, en el texto de la resoluci\u00f3n no hace referencia a otro sector que no sea la Asociaci\u00f3n de Personal Legislativo (APL).<\/p>\n\n\n\n<p>Sin embargo, seg\u00fan los recibos de sueldos que public\u00f3 el sitio Cenital, el incremento de las dietas alcanza al 29,9%, los mismo que el acumulado otorgado a APL.<\/p>\n\n\n\n<p>A este n\u00famero adem\u00e1s hay que sumarle el plus por desarraigo que cobran buena parte de los diputados y senadores que no son representantes de la Ciudad de Buenos Aires, los pasajes tanto de \u00f3mnibus de larga distancia como de aviones y los gastos de representaci\u00f3n.<\/p>\n\n\n\n<p>Los aumentos se conocen la misma semana que se hizo p\u00fablica la contrataci\u00f3n de un sobrino segundo de Mart\u00edn Menem en el despacho de la Presidencia de la C\u00e1mara de Diputados. Federico Sharif Menem, de 23 a\u00f1os, es la persona de confianza seg\u00fan explic\u00f3 el propio titular de la C\u00e1mara Baja e ingres\u00f3 con uno de los contratos m\u00e1s altos, cobrando alrededor de dos millones de pesos.<\/p>\n\n\n\n<p>En paralelo discurren las discusiones parlamentarias. Por el lado del Senado de la Naci\u00f3n, ma\u00f1ana se volver\u00e1 a reunir la bicameral permanente de Tr\u00e1mite Legislativo para debatir el DNU 70\/2023 en donde se espera la presencia de funcionarios del Ejecutivo nacional mientras el bloque de Uni\u00f3n por la Patria reclama llevar el decreto al recinto para que sea votado por el pleno ya que se cumplieron los plazos.<\/p>\n\n\n\n<p>Por el lado de la C\u00e1mara de Diputados, el bloque de Hacemos Coalici\u00f3n Federal present\u00f3 un pedido de sesi\u00f3n especial para tratar una neuva f\u00f3rmula de ajuste de las jubilaciones. Sin respuesta de parte de las autoridades, esta semana se prev\u00e9 poca actividad y los bloques se preparan para la discusi\u00f3n respecto de la conformaci\u00f3n de las Comisiones en donde el bloque de Uni\u00f3n por la Patria sigue insistiendo con que el oficialismo \u201cle roba\u201d una silla en cada uno de esos espacios.<\/p>\n\n\n\n<p>Fuente: Infobae.<\/p>\n","protected":false},"excerpt":{"rendered":"<p>Acoplaron a los legisladores a la paritaria de los trabajadores del Congreso un aumento acumulativo del 16% a partir del 1\u00b0 de enero de 2024, y del 12% desde el 1\u00b0 de febrero. El sueldo de un diputado tiene un piso de casi $ 2 millones<\/p>\n","protected":false},"author":4,"featured_media":12119,"comment_status":"closed","ping_status":"closed","sticky":false,"template":"","format":"standard","meta":{"footnotes":""},"categories":[5],"tags":[],"class_list":["post-12118","post","type-post","status-publish","format-standard","has-post-thumbnail","hentry","category-el-pais"],"_links":{"self":[{"href":"https:\/\/lavozpuntana.com\/index.php?rest_route=\/wp\/v2\/posts\/12118","targetHints":{"allow":["GET"]}}],"collection":[{"href":"https:\/\/lavozpuntana.com\/index.php?rest_route=\/wp\/v2\/posts"}],"about":[{"href":"https:\/\/lavozpuntana.com\/index.php?rest_route=\/wp\/v2\/types\/post"}],"author":[{"embeddable":true,"href":"https:\/\/lavozpuntana.com\/index.php?rest_route=\/wp\/v2\/users\/4"}],"replies":[{"embeddable":true,"href":"https:\/\/lavozpuntana.com\/index.php?rest_route=%2Fwp%2Fv2%2Fcomments&post=12118"}],"version-history":[{"count":1,"href":"https:\/\/lavozpuntana.com\/index.php?rest_route=\/wp\/v2\/posts\/12118\/revisions"}],"predecessor-version":[{"id":12120,"href":"https:\/\/lavozpuntana.com\/index.php?rest_route=\/wp\/v2\/posts\/12118\/revisions\/12120"}],"wp:featuredmedia":[{"embeddable":true,"href":"https:\/\/lavozpuntana.com\/index.php?rest_route=\/wp\/v2\/media\/12119"}],"wp:attachment":[{"href":"https:\/\/lavozpuntana.com\/index.php?rest_route=%2Fwp%2Fv2%2Fmedia&parent=12118"}],"wp:term":[{"taxonomy":"category","embeddable":true,"href":"https:\/\/lavozpuntana.com\/index.php?rest_route=%2Fwp%2Fv2%2Fcategories&post=12118"},{"taxonomy":"post_tag","embeddable":true,"href":"https:\/\/lavozpuntana.com\/index.php?rest_route=%2Fwp%2Fv2%2Ftags&post=12118"}],"curies":[{"name":"wp","href":"https:\/\/api.w.org\/{rel}","templated":true}]}}