{"id":12121,"date":"2024-03-06T13:05:53","date_gmt":"2024-03-06T16:05:53","guid":{"rendered":"https:\/\/lavozpuntana.com\/?p=12121"},"modified":"2024-03-06T13:05:55","modified_gmt":"2024-03-06T16:05:55","slug":"dia-internacional-de-la-mujer-habra-talleres-charlas-magistrales-y-exhibicion-de-emprendimientos","status":"publish","type":"post","link":"https:\/\/lavozpuntana.com\/?p=12121","title":{"rendered":"D\u00cdA INTERNACIONAL DE LA MUJER: HABR\u00c1 TALLERES, CHARLAS MAGISTRALES Y EXHIBICI\u00d3N DE EMPRENDIMIENTOS"},"content":{"rendered":"\n<figure class=\"wp-block-image size-large\"><img loading=\"lazy\" decoding=\"async\" width=\"1024\" height=\"682\" src=\"http:\/\/lavozpuntana.com\/wp-content\/uploads\/2024\/03\/ministra-becerra-1024x682.jpeg\" alt=\"\" class=\"wp-image-12122\" srcset=\"https:\/\/lavozpuntana.com\/wp-content\/uploads\/2024\/03\/ministra-becerra-1024x682.jpeg 1024w, https:\/\/lavozpuntana.com\/wp-content\/uploads\/2024\/03\/ministra-becerra-300x200.jpeg 300w, https:\/\/lavozpuntana.com\/wp-content\/uploads\/2024\/03\/ministra-becerra-768x512.jpeg 768w, https:\/\/lavozpuntana.com\/wp-content\/uploads\/2024\/03\/ministra-becerra.jpeg 1280w\" sizes=\"auto, (max-width: 1024px) 100vw, 1024px\" \/><\/figure>\n\n\n\n<p><strong>El ministerio de Desarrollo Humano propondr\u00e1 una serie de actividades para resaltar la protecci\u00f3n contra la violencia de g\u00e9nero, la importancia de una buena nutrici\u00f3n, la promoci\u00f3n de los Centros de Desarrollo Infantil y la exposici\u00f3n de tareas productivas de mujeres que integran el Plan de Inclusi\u00f3n. Ser\u00e1 este viernes, de 17:00 a 21:00.<\/strong><\/p>\n\n\n\n<p>El 8 de marzo est\u00e1 enmarcado dentro del calendario como un d\u00eda que simboliza la b\u00fasqueda de igualdad, respeto y reconocimiento para todas las mujeres del mundo. En San Luis, el evento conmemorativo tendr\u00e1 lugar este viernes desde el Parque de las Naciones, donde todo el pueblo sanluise\u00f1o est\u00e1 invitado a participar de una jornada que invita a transitar un camino para lograr esa igualdad en lo cotidiano, con espacios de reflexi\u00f3n, aprendizaje y tambi\u00e9n diversi\u00f3n.<\/p>\n\n\n\n<p>El Gobierno cree en un cambio desde la educaci\u00f3n. Tanto en los hogares, como en las escuelas, en las instituciones, en los sitios de trabajo, en cada lugar. Por eso trabaja para una sociedad de iguales, en la que a\u00fan queda mucho por construir. Quiere acompa\u00f1ar a cada una de las mujeres y ni\u00f1as sanluise\u00f1as en sus batallas, en sus logros, sue\u00f1os y en su incansable lucha por la igualdad. Y se propone que el respeto, el reconocimiento y la igualdad marquen el rumbo.<\/p>\n\n\n\n<p>Si bien el ministerio de Salud ha tomado el rol protag\u00f3nico en la organizaci\u00f3n del encuentro, desde el Gobierno han resaltado la importancia de coordinar un esfuerzo interministerial para abarcar tambi\u00e9n temas de deporte, producci\u00f3n, cultura, entre otros. \u201cCada ministerio tiene la intervenci\u00f3n de mujeres y tiene servicios que se prestan a la mujer. Por eso, y especialmente porque somos servidores p\u00fablicos, queremos llevar adelante este d\u00eda especial con esa impronta\u201d, explic\u00f3 M\u00f3nica Becerra, titular de Desarrollo Humano.<\/p>\n\n\n\n<p>Su Ministerio cumplir\u00e1 un papel muy importante en el Parque de las Naciones, motivo por el cual cuenta con varios stands que reflejar\u00e1n tem\u00e1ticas diferentes. El m\u00e1s significativo nace desde la direcci\u00f3n de Mujer, G\u00e9nero y Diversidad, que habilitar\u00e1 un espacio para hablar acerca de la violencia de g\u00e9nero. Convocar\u00e1 a profesionales que estar\u00e1n informando, ayudando y apoyando a toda mujer que se acerque y sienta que vive una situaci\u00f3n semejante.<\/p>\n\n\n\n<p>En la misma l\u00ednea, las productoras del Programa Integral de Autonom\u00eda (PIA) tambi\u00e9n contar\u00e1n con un sitio para exhibir sus elaboraciones. PIA es una iniciativa que prev\u00e9 un aporte econ\u00f3mico para aquellas mujeres de San Luis que han sufrido episodios de violencia y poseen un emprendimiento.<\/p>\n\n\n\n<p>Otro aspecto importante ser\u00e1 la promoci\u00f3n de los Centros de Desarrollo Infantil (CDI), para que las familias puedan conocer con precisi\u00f3n algunos de los beneficios de la escolarizaci\u00f3n en edades m\u00e1s tempranas. \u201cEs un concepto nuevo y queremos que sepan que esto no es \u00fanicamente una posibilidad, sino tambi\u00e9n un derecho. Adem\u00e1s, no se trata solamente del desarrollo y est\u00edmulo para el beb\u00e9, sino que tambi\u00e9n hay trabajo con las familias\u201d, resalt\u00f3 Becerra.<\/p>\n\n\n\n<p>El \u00e1rea de Emergencia Social estar\u00e1 a cargo de brindar talleres referidos a lo nutricional, exponiendo las claras ventajas de adoptar una alimentaci\u00f3n saludable y acorde a la situaci\u00f3n que vive cada uno. Har\u00e1n especial enfoque en el rol que cumple la nutrici\u00f3n para las mujeres con menopausia, informando acerca de c\u00f3mo la alimentaci\u00f3n afecta cada cuerpo.<\/p>\n\n\n\n<p>Desde el Plan de Inclusi\u00f3n tambi\u00e9n mostrar\u00e1n las diversas tareas de \u00edndole art\u00edstica que llevan adelante las mujeres en el d\u00eda a d\u00eda. \u201cEs algo super interesante. En esos talleres realizan ajuares de beb\u00e9s para entregar, de manera gratuita, en las maternidades provinciales. Ahora han fabricado cartucheras, ropas para los nenes que van a ir a los CDI, y tambi\u00e9n van a estar las chicas de carpinter\u00eda, que van a exponer todos los juegos y el material did\u00e1ctico que han elaborado para los centros\u201d, detall\u00f3 la Ministro.<\/p>\n\n\n\n<p>Todas las actividades mencionadas est\u00e1n previstas para comenzar a las 17:00, finalizando cerca de las 21:00. Adem\u00e1s, estar\u00e1n replicados en Villa Mercedes desde las 10:30 en el barrio \u2018San Jos\u00e9\u2019. \u201cTodas las charlas van a ofrecerse de manera continuada, no hay que ir en alg\u00fan horario espec\u00edfico para ver tal o cual tema. La idea es ofrecer un lindo trabajo articulado con los otros ministerios para ponernos al servicio de las mujeres de San Luis\u201d, cerr\u00f3 la funcionaria.<\/p>\n\n\n\n<p>Fuente: Agencia de Noticias.<\/p>\n","protected":false},"excerpt":{"rendered":"<p>El ministerio de Desarrollo Humano propondr\u00e1 una serie de actividades para resaltar la protecci\u00f3n contra la violencia de g\u00e9nero, la importancia de una buena nutrici\u00f3n, la promoci\u00f3n de los Centros de Desarrollo Infantil y la exposici\u00f3n de tareas productivas de mujeres que integran el Plan de Inclusi\u00f3n. Ser\u00e1 este viernes, de 17:00 a 21:00.<\/p>\n","protected":false},"author":4,"featured_media":12122,"comment_status":"closed","ping_status":"closed","sticky":false,"template":"","format":"standard","meta":{"footnotes":""},"categories":[4],"tags":[],"class_list":["post-12121","post","type-post","status-publish","format-standard","has-post-thumbnail","hentry","category-la-provincia"],"_links":{"self":[{"href":"https:\/\/lavozpuntana.com\/index.php?rest_route=\/wp\/v2\/posts\/12121","targetHints":{"allow":["GET"]}}],"collection":[{"href":"https:\/\/lavozpuntana.com\/index.php?rest_route=\/wp\/v2\/posts"}],"about":[{"href":"https:\/\/lavozpuntana.com\/index.php?rest_route=\/wp\/v2\/types\/post"}],"author":[{"embeddable":true,"href":"https:\/\/lavozpuntana.com\/index.php?rest_route=\/wp\/v2\/users\/4"}],"replies":[{"embeddable":true,"href":"https:\/\/lavozpuntana.com\/index.php?rest_route=%2Fwp%2Fv2%2Fcomments&post=12121"}],"version-history":[{"count":1,"href":"https:\/\/lavozpuntana.com\/index.php?rest_route=\/wp\/v2\/posts\/12121\/revisions"}],"predecessor-version":[{"id":12123,"href":"https:\/\/lavozpuntana.com\/index.php?rest_route=\/wp\/v2\/posts\/12121\/revisions\/12123"}],"wp:featuredmedia":[{"embeddable":true,"href":"https:\/\/lavozpuntana.com\/index.php?rest_route=\/wp\/v2\/media\/12122"}],"wp:attachment":[{"href":"https:\/\/lavozpuntana.com\/index.php?rest_route=%2Fwp%2Fv2%2Fmedia&parent=12121"}],"wp:term":[{"taxonomy":"category","embeddable":true,"href":"https:\/\/lavozpuntana.com\/index.php?rest_route=%2Fwp%2Fv2%2Fcategories&post=12121"},{"taxonomy":"post_tag","embeddable":true,"href":"https:\/\/lavozpuntana.com\/index.php?rest_route=%2Fwp%2Fv2%2Ftags&post=12121"}],"curies":[{"name":"wp","href":"https:\/\/api.w.org\/{rel}","templated":true}]}}