{"id":12124,"date":"2024-03-06T13:11:05","date_gmt":"2024-03-06T16:11:05","guid":{"rendered":"https:\/\/lavozpuntana.com\/?p=12124"},"modified":"2024-03-06T13:11:06","modified_gmt":"2024-03-06T16:11:06","slug":"dictaran-un-conversatorio-sobre-autocuidado-y-salud-integral-en-la-maternidad-de-villa-mercedes","status":"publish","type":"post","link":"https:\/\/lavozpuntana.com\/?p=12124","title":{"rendered":"DICTAR\u00c1N UN CONVERSATORIO SOBRE AUTOCUIDADO Y SALUD INTEGRAL EN LA MATERNIDAD DE VILLA MERCEDES"},"content":{"rendered":"\n<figure class=\"wp-block-image size-large\"><img decoding=\"async\" src=\"http:\/\/lavozpuntana.com\/wp-content\/uploads\/2024\/03\/8-3-Dia-de-la-Mujer-VM-Maternidad-Carlos-Luco-1024x1024.png\" alt=\"\" class=\"wp-image-12125\"\/><\/figure>\n\n\n\n<p><strong>La propuesta, organizada por el ministerio de Salud, invita a todas las mujeres de la comunidad a sumarse a esta jornada dedicada al bienestar femenino.<\/strong><\/p>\n\n\n\n<p>La Maternidad Provincial \u2018Carlos A. Luco\u2019 de Villa Mercedes se prepara para conmemorar el D\u00eda de la Mujer Trabajadora este viernes, 8 de marzo, con un evento especial destinado a todas las pacientes y vecinas. Bajo el slogan \u2018Trabaj\u00e1 en vos\u2019, buscar\u00e1n concientizar sobre la importancia del cuidado personal y la salud integral de las mujeres.<\/p>\n\n\n\n<p>Para ello, desarrollar\u00e1n un conversatorio de capacitaci\u00f3n abierto para toda la comunidad pero dirigido especialmente a las mujeres. Participar\u00e1n profesionales de diversas disciplinas como salud mental, tocoginecolog\u00eda, kinesiolog\u00eda y trabajo social. Durante las charlas, abordar\u00e1n temas relevantes para la salud de las mujeres, estrategias de autocuidado, prevenci\u00f3n de enfermedades y bienestar emocional.<\/p>\n\n\n\n<p>El evento es gratuito y tendr\u00e1 lugar de 10:00 a 13:00 en el Sal\u00f3n de Usos M\u00faltiples que posee la maternidad, ubicada en la avenida Bartolom\u00e9 Mitre 597. La iniciativa tambi\u00e9n tiene previsto un break para compartir con el grupo.<\/p>\n\n\n\n<p>Fuente: Agencia de Noticias.<\/p>\n","protected":false},"excerpt":{"rendered":"<p>La propuesta, organizada por el ministerio de Salud, invita a todas las mujeres de la comunidad a sumarse a esta jornada dedicada al bienestar femenino.<\/p>\n","protected":false},"author":4,"featured_media":0,"comment_status":"closed","ping_status":"closed","sticky":false,"template":"","format":"standard","meta":{"footnotes":""},"categories":[4],"tags":[],"class_list":["post-12124","post","type-post","status-publish","format-standard","hentry","category-la-provincia"],"_links":{"self":[{"href":"https:\/\/lavozpuntana.com\/index.php?rest_route=\/wp\/v2\/posts\/12124","targetHints":{"allow":["GET"]}}],"collection":[{"href":"https:\/\/lavozpuntana.com\/index.php?rest_route=\/wp\/v2\/posts"}],"about":[{"href":"https:\/\/lavozpuntana.com\/index.php?rest_route=\/wp\/v2\/types\/post"}],"author":[{"embeddable":true,"href":"https:\/\/lavozpuntana.com\/index.php?rest_route=\/wp\/v2\/users\/4"}],"replies":[{"embeddable":true,"href":"https:\/\/lavozpuntana.com\/index.php?rest_route=%2Fwp%2Fv2%2Fcomments&post=12124"}],"version-history":[{"count":1,"href":"https:\/\/lavozpuntana.com\/index.php?rest_route=\/wp\/v2\/posts\/12124\/revisions"}],"predecessor-version":[{"id":12126,"href":"https:\/\/lavozpuntana.com\/index.php?rest_route=\/wp\/v2\/posts\/12124\/revisions\/12126"}],"wp:attachment":[{"href":"https:\/\/lavozpuntana.com\/index.php?rest_route=%2Fwp%2Fv2%2Fmedia&parent=12124"}],"wp:term":[{"taxonomy":"category","embeddable":true,"href":"https:\/\/lavozpuntana.com\/index.php?rest_route=%2Fwp%2Fv2%2Fcategories&post=12124"},{"taxonomy":"post_tag","embeddable":true,"href":"https:\/\/lavozpuntana.com\/index.php?rest_route=%2Fwp%2Fv2%2Ftags&post=12124"}],"curies":[{"name":"wp","href":"https:\/\/api.w.org\/{rel}","templated":true}]}}