{"id":12127,"date":"2024-03-06T13:24:44","date_gmt":"2024-03-06T16:24:44","guid":{"rendered":"https:\/\/lavozpuntana.com\/?p=12127"},"modified":"2024-03-06T13:24:47","modified_gmt":"2024-03-06T16:24:47","slug":"integrantes-de-la-mesa-interreligiosa-se-reunieron-con-el-ministro-de-gobierno","status":"publish","type":"post","link":"https:\/\/lavozpuntana.com\/?p=12127","title":{"rendered":"INTEGRANTES DE LA MESA INTERRELIGIOSA SE REUNIERON CON EL MINISTRO DE GOBIERNO"},"content":{"rendered":"\n<figure class=\"wp-block-image size-large\"><img loading=\"lazy\" decoding=\"async\" width=\"1024\" height=\"550\" src=\"http:\/\/lavozpuntana.com\/wp-content\/uploads\/2024\/03\/Foto-5-Ministerio-de-Gobierno-Mesa-Interreligiosa-1024x550.jpeg\" alt=\"\" class=\"wp-image-12128\" srcset=\"https:\/\/lavozpuntana.com\/wp-content\/uploads\/2024\/03\/Foto-5-Ministerio-de-Gobierno-Mesa-Interreligiosa-1024x550.jpeg 1024w, https:\/\/lavozpuntana.com\/wp-content\/uploads\/2024\/03\/Foto-5-Ministerio-de-Gobierno-Mesa-Interreligiosa-300x161.jpeg 300w, https:\/\/lavozpuntana.com\/wp-content\/uploads\/2024\/03\/Foto-5-Ministerio-de-Gobierno-Mesa-Interreligiosa-768x412.jpeg 768w, https:\/\/lavozpuntana.com\/wp-content\/uploads\/2024\/03\/Foto-5-Ministerio-de-Gobierno-Mesa-Interreligiosa.jpeg 1200w\" sizes=\"auto, (max-width: 1024px) 100vw, 1024px\" \/><\/figure>\n\n\n\n<p><strong>Facundo Endeiza recibi\u00f3 a referentes de toda la provincia para definir una agenda que permita trabajar de manera conjunta en este espacio creado en 2020.<\/strong><\/p>\n\n\n\n<p>El ministerio de Gobierno comenz\u00f3 una serie de charlas con referentes de distintos cultos para poder reactivar la Mesa Interreligiosa. En el primer encuentro abordaron varios temas, entre ellos la situaci\u00f3n actual del pa\u00eds y la provincia, en los que hubo grandes coincidencias respecto al diagn\u00f3stico y a los cauces por donde debe discurrir la b\u00fasqueda de soluciones para el alivio de las necesidades de los que m\u00e1s afectados. Tambi\u00e9n el mecanismo para que integrantes de las diferentes religiones puedan brindar asistencia espiritual en los hospitales p\u00fablicos a los que padecen enfermedades.<\/p>\n\n\n\n<p>\u201cTenemos que potenciar y visibilizar esta Mesa Interreligiosa, ya que el hecho de tener tanta concordia entre diferentes religiones es un gran activo para la provincia y todos sus habitantes\u201d, manifest\u00f3 el ministro Facundo Endeiza una vez finalizado el encuentro.<\/p>\n\n\n\n<p>La Mesa est\u00e1 abierta para todas las religiones que deseen incorporarse. Para hacerlo deben comunicarse con la direcci\u00f3n de Cultos.<\/p>\n\n\n\n<p>Participaron el director de Cultos, Walter Berlo, Cesar Ferreira de la Escuela Cient\u00edfica Basilio; Esteban Urquiza de la Iglesia Evang\u00e9lica; Andrea Pi\u00f1eda de la Iglesia Cat\u00f3lica; Alicia Irusta de ILE Xango-Xcpama \u2013 ASRAU; Gloria Inayati de la Comunidad Bah\u2019a\u00ed, Daniel Hodara de la Comunidad Jud\u00eda y Raquel Heredia de la Iglesia de Jesucristo de los Santos de los \u00daltimos D\u00edas.<\/p>\n","protected":false},"excerpt":{"rendered":"<p>Facundo Endeiza recibi\u00f3 a referentes de toda la provincia para definir una agenda que permita trabajar de manera conjunta en este espacio creado en 2020.<\/p>\n","protected":false},"author":4,"featured_media":12128,"comment_status":"closed","ping_status":"closed","sticky":false,"template":"","format":"standard","meta":{"footnotes":""},"categories":[4],"tags":[],"class_list":["post-12127","post","type-post","status-publish","format-standard","has-post-thumbnail","hentry","category-la-provincia"],"_links":{"self":[{"href":"https:\/\/lavozpuntana.com\/index.php?rest_route=\/wp\/v2\/posts\/12127","targetHints":{"allow":["GET"]}}],"collection":[{"href":"https:\/\/lavozpuntana.com\/index.php?rest_route=\/wp\/v2\/posts"}],"about":[{"href":"https:\/\/lavozpuntana.com\/index.php?rest_route=\/wp\/v2\/types\/post"}],"author":[{"embeddable":true,"href":"https:\/\/lavozpuntana.com\/index.php?rest_route=\/wp\/v2\/users\/4"}],"replies":[{"embeddable":true,"href":"https:\/\/lavozpuntana.com\/index.php?rest_route=%2Fwp%2Fv2%2Fcomments&post=12127"}],"version-history":[{"count":1,"href":"https:\/\/lavozpuntana.com\/index.php?rest_route=\/wp\/v2\/posts\/12127\/revisions"}],"predecessor-version":[{"id":12129,"href":"https:\/\/lavozpuntana.com\/index.php?rest_route=\/wp\/v2\/posts\/12127\/revisions\/12129"}],"wp:featuredmedia":[{"embeddable":true,"href":"https:\/\/lavozpuntana.com\/index.php?rest_route=\/wp\/v2\/media\/12128"}],"wp:attachment":[{"href":"https:\/\/lavozpuntana.com\/index.php?rest_route=%2Fwp%2Fv2%2Fmedia&parent=12127"}],"wp:term":[{"taxonomy":"category","embeddable":true,"href":"https:\/\/lavozpuntana.com\/index.php?rest_route=%2Fwp%2Fv2%2Fcategories&post=12127"},{"taxonomy":"post_tag","embeddable":true,"href":"https:\/\/lavozpuntana.com\/index.php?rest_route=%2Fwp%2Fv2%2Ftags&post=12127"}],"curies":[{"name":"wp","href":"https:\/\/api.w.org\/{rel}","templated":true}]}}