{"id":12130,"date":"2024-03-06T13:30:48","date_gmt":"2024-03-06T16:30:48","guid":{"rendered":"https:\/\/lavozpuntana.com\/?p=12130"},"modified":"2024-03-06T13:30:50","modified_gmt":"2024-03-06T16:30:50","slug":"los-empleados-de-la-administracion-publica-deberan-registrar-sus-familiares-a-cargo-en-el-portal-de-agentes","status":"publish","type":"post","link":"https:\/\/lavozpuntana.com\/?p=12130","title":{"rendered":"LOS EMPLEADOS DE LA ADMINISTRACI\u00d3N P\u00daBLICA DEBER\u00c1N REGISTRAR SUS FAMILIARES A CARGO EN EL PORTAL DE AGENTES"},"content":{"rendered":"\n<figure class=\"wp-block-image size-large\"><img decoding=\"async\" src=\"http:\/\/lavozpuntana.com\/wp-content\/uploads\/2024\/03\/portal-de-agentes-1024x683.jpg\" alt=\"\" class=\"wp-image-12131\"\/><\/figure>\n\n\n\n<p><strong>Hay plazo hasta el 1\u00b0 de abril para concretar el tr\u00e1mite. Desde esa fecha el SeMA s\u00f3lo recibir\u00e1 certificados m\u00e9dicos por atenci\u00f3n de familiares que hayan sido registrados digitalmente.<\/strong><\/p>\n\n\n\n<p>El \u00c1rea Servicio M\u00e9dico para el Control del Ausentismo (SeMA) inform\u00f3 que todo el personal de la administraci\u00f3n p\u00fablica provincial deber\u00e1 registrar los familiares a cargo a trav\u00e9s del Portal de Agentes.<\/p>\n\n\n\n<p>Desde el organismo precisaron que hasta el 31 de marzo ser\u00e1n recibidos los certificados por familiares registrados con declaraci\u00f3n jurada en papel. En tanto desde el 1\u00b0 de abril solo se aceptar\u00e1n certificaciones m\u00e9dicas que correspondan a familiares registrados digitalmente en el portal, por lo que el tr\u00e1mite es de car\u00e1cter obligatorio para todos los agentes.<\/p>\n\n\n\n<p>Acerca de la iniciativa, la direcci\u00f3n de Inform\u00e1tica, que llev\u00f3 adelante el desarrollo del sistema, explic\u00f3 que con la digitalizaci\u00f3n de los datos se gana mayor transparencia y agilidad en la gesti\u00f3n de control del ausentismo.<\/p>\n\n\n\n<p>\u00bfC\u00f3mo hacer el tr\u00e1mite?<\/p>\n\n\n\n<p>Para realizar la carga de familiares a cargo, el primer paso es ingresar al <a href=\"https:\/\/www.programainformatico.sanluis.gob.ar\/\">Portal de Agentes<\/a> y acceder a la opci\u00f3n \u201cGesti\u00f3n de Tr\u00e1mites Online\u201d. Luego deber\u00e1 hacer clic en el bot\u00f3n \u201cGesti\u00f3n Familiares a cargo\u201d.<\/p>\n\n\n\n<p>Para agregar el familiar se debe hacer clic en el bot\u00f3n \u201cAgregar Familiar\u201d y aparecer\u00e1 una pantalla para la carga de los datos de la persona. Es importante asegurarse de cumplir con los datos obligatorios (*).<\/p>\n\n\n\n<p>De acuerdo al parentesco seleccionado ser\u00e1 el acta que se deber\u00e1 adjuntar junto con el frente y reverso del documento de identidad.<\/p>\n\n\n\n<p>Se recomienda tener guardadas previamente las im\u00e1genes del documento y el acta en el dispositivo para luego adjuntarlas sin inconvenientes.<\/p>\n\n\n\n<p>Por \u00faltimo, para culminar esta operaci\u00f3n el agente deber\u00e1 hacer clic en el bot\u00f3n \u201cAgregar Fliar\u201d. Una vez completados los pasos se muestran todas las personas que ha registrado a su cargo.<\/p>\n","protected":false},"excerpt":{"rendered":"<p>Hay plazo hasta el 1\u00b0 de abril para concretar el tr\u00e1mite. Desde esa fecha el SeMA s\u00f3lo recibir\u00e1 certificados m\u00e9dicos por atenci\u00f3n de familiares que hayan sido registrados digitalmente.<\/p>\n","protected":false},"author":4,"featured_media":0,"comment_status":"closed","ping_status":"closed","sticky":false,"template":"","format":"standard","meta":{"footnotes":""},"categories":[4],"tags":[],"class_list":["post-12130","post","type-post","status-publish","format-standard","hentry","category-la-provincia"],"_links":{"self":[{"href":"https:\/\/lavozpuntana.com\/index.php?rest_route=\/wp\/v2\/posts\/12130","targetHints":{"allow":["GET"]}}],"collection":[{"href":"https:\/\/lavozpuntana.com\/index.php?rest_route=\/wp\/v2\/posts"}],"about":[{"href":"https:\/\/lavozpuntana.com\/index.php?rest_route=\/wp\/v2\/types\/post"}],"author":[{"embeddable":true,"href":"https:\/\/lavozpuntana.com\/index.php?rest_route=\/wp\/v2\/users\/4"}],"replies":[{"embeddable":true,"href":"https:\/\/lavozpuntana.com\/index.php?rest_route=%2Fwp%2Fv2%2Fcomments&post=12130"}],"version-history":[{"count":1,"href":"https:\/\/lavozpuntana.com\/index.php?rest_route=\/wp\/v2\/posts\/12130\/revisions"}],"predecessor-version":[{"id":12132,"href":"https:\/\/lavozpuntana.com\/index.php?rest_route=\/wp\/v2\/posts\/12130\/revisions\/12132"}],"wp:attachment":[{"href":"https:\/\/lavozpuntana.com\/index.php?rest_route=%2Fwp%2Fv2%2Fmedia&parent=12130"}],"wp:term":[{"taxonomy":"category","embeddable":true,"href":"https:\/\/lavozpuntana.com\/index.php?rest_route=%2Fwp%2Fv2%2Fcategories&post=12130"},{"taxonomy":"post_tag","embeddable":true,"href":"https:\/\/lavozpuntana.com\/index.php?rest_route=%2Fwp%2Fv2%2Ftags&post=12130"}],"curies":[{"name":"wp","href":"https:\/\/api.w.org\/{rel}","templated":true}]}}