{"id":12133,"date":"2024-03-07T12:13:41","date_gmt":"2024-03-07T15:13:41","guid":{"rendered":"https:\/\/lavozpuntana.com\/?p=12133"},"modified":"2024-03-07T12:13:43","modified_gmt":"2024-03-07T15:13:43","slug":"implementaran-un-programa-de-practicas-forenses-para-estudiantes-de-salud","status":"publish","type":"post","link":"https:\/\/lavozpuntana.com\/?p=12133","title":{"rendered":"IMPLEMENTAR\u00c1N UN PROGRAMA DE PR\u00c1CTICAS FORENSES PARA ESTUDIANTES DE SALUD"},"content":{"rendered":"\n<figure class=\"wp-block-image size-full\"><img loading=\"lazy\" decoding=\"async\" width=\"598\" height=\"450\" src=\"http:\/\/lavozpuntana.com\/wp-content\/uploads\/2024\/03\/Captura-de-pantalla-2024-03-07-120538.png\" alt=\"\" class=\"wp-image-12134\" srcset=\"https:\/\/lavozpuntana.com\/wp-content\/uploads\/2024\/03\/Captura-de-pantalla-2024-03-07-120538.png 598w, https:\/\/lavozpuntana.com\/wp-content\/uploads\/2024\/03\/Captura-de-pantalla-2024-03-07-120538-300x226.png 300w\" sizes=\"auto, (max-width: 598px) 100vw, 598px\" \/><\/figure>\n\n\n\n<p><strong>Se trata de un Acta Acuerdo que lleva las firmas del Dr. Marcelo Sosa, Rector de la Universidad, y del Dr. Eduardo Segundo Allende, Presidente del Excmo. Superior Tribunal de Justicia. Por medio de la misma, ambas instituciones trabajar\u00e1n en la implementaci\u00f3n de un Programa de Pr\u00e1ctica Forense dirigido a estudiantes de la UNViMe.<\/strong><\/p>\n\n\n\n<p>En la oportunidad, el Dr. Sosa estuvo acompa\u00f1ado por el Vicerrector, Lic. Santiago Farenga, la Directora de la Escuela de Ciencias de la Salud, Mgter, Vanesa Cassano, el Asesor Legal y T\u00e9cnico, Abog. Juan Manuel Quiroga Lucero y la asesora externa, Dra. Andrea Aguilar Lucero.<\/p>\n\n\n\n<p>Por parte del Poder Judicial, asistieron junto al Dr. Allende los ministros Dr. Jorge Alberto Levingston, el Dr. Jos\u00e9 Guillermo L\u2019Huillier y la Dra. Cecilia Chada.<\/p>\n\n\n\n<p>En la ocasi\u00f3n, el Rector Sosa se mostr\u00f3 orgulloso ante este auspicioso acuerdo. \u201cEstoy muy contento como Rector de la UNViMe de celebrar este convenio con el Poder Judicial, lo que nos permitir\u00e1 que nuestros alumnos trabajen en aquellas actividades propias del \u00e1mbito forense, a trav\u00e9s de pr\u00e1cticas que en definitiva van a contribuir a que sean mejores profesionales\u201d, expres\u00f3.<\/p>\n\n\n\n<p>Tambi\u00e9n remarc\u00f3 su convencimiento, como m\u00e1xima autoridad de la Universidad, de estar construyendo en la direcci\u00f3n correcta, al tiempo que resalt\u00f3 el hecho de que una instituci\u00f3n tan importante como es el Poder Judicial, abra las puertas a la UNViMe.<\/p>\n\n\n\n<p>El Dr. Sosa tambi\u00e9n agradeci\u00f3 p\u00fablicamente al Vicerrector, Lic. Santiago Farenga, quien ofici\u00f3 como nexo para concretar este acuerdo.<\/p>\n\n\n\n<p>\u201cNuestros alumnos se van a sentir muy contentos de poder llevar adelante estas pr\u00e1cticas; para nosotros es crecimiento, somos una universidad muy joven, pero creemos que tenemos un futuro grande y por eso la gratitud a todos ustedes por acompa\u00f1ar este momento. Esto nos confirma que estamos haciendo las cosas bien; no por nosotros sino por los alumnos, que quieren llegar a ser profesionales\u201d, concluy\u00f3.<\/p>\n\n\n\n<p>Por su parte, el Dr. Allende manifest\u00f3: \u201cLos agradecidos somos nosotros como Poder Judicial, de poder trabajar con la Universidad de Villa Mercedes\u201d, recordando que siempre hacen mucho hincapi\u00e9 en trabajar con las local\u00edas de cada regi\u00f3n provincial, buscando que los diferentes actores sociales colaboren y participen de esto que es brindar un servicio como la Justicia.<\/p>\n\n\n\n<p>\u201cCelebramos la sinergia que se va a dar entre ambas instituciones porque esto es capacitaci\u00f3n para los alumnos, pero tambi\u00e9n es para nosotros poder compartir la visi\u00f3n desde el Poder Judicial en el ejercicio de diferentes profesiones como las de Ciencias de la Salud\u201d, expres\u00f3 la Autoridad Judicial, sobre el cierre de este importante acto.<\/p>\n","protected":false},"excerpt":{"rendered":"<p>Se trata de un Acta Acuerdo que lleva las firmas del Dr. Marcelo Sosa, Rector de la Universidad, y del Dr. Eduardo Segundo Allende, Presidente del Excmo. Superior Tribunal de Justicia. Por medio de la misma, ambas instituciones trabajar\u00e1n en la implementaci\u00f3n de un Programa de Pr\u00e1ctica Forense dirigido a estudiantes de la UNViMe.<\/p>\n","protected":false},"author":4,"featured_media":12134,"comment_status":"closed","ping_status":"closed","sticky":false,"template":"","format":"standard","meta":{"footnotes":""},"categories":[4],"tags":[],"class_list":["post-12133","post","type-post","status-publish","format-standard","has-post-thumbnail","hentry","category-la-provincia"],"_links":{"self":[{"href":"https:\/\/lavozpuntana.com\/index.php?rest_route=\/wp\/v2\/posts\/12133","targetHints":{"allow":["GET"]}}],"collection":[{"href":"https:\/\/lavozpuntana.com\/index.php?rest_route=\/wp\/v2\/posts"}],"about":[{"href":"https:\/\/lavozpuntana.com\/index.php?rest_route=\/wp\/v2\/types\/post"}],"author":[{"embeddable":true,"href":"https:\/\/lavozpuntana.com\/index.php?rest_route=\/wp\/v2\/users\/4"}],"replies":[{"embeddable":true,"href":"https:\/\/lavozpuntana.com\/index.php?rest_route=%2Fwp%2Fv2%2Fcomments&post=12133"}],"version-history":[{"count":1,"href":"https:\/\/lavozpuntana.com\/index.php?rest_route=\/wp\/v2\/posts\/12133\/revisions"}],"predecessor-version":[{"id":12135,"href":"https:\/\/lavozpuntana.com\/index.php?rest_route=\/wp\/v2\/posts\/12133\/revisions\/12135"}],"wp:featuredmedia":[{"embeddable":true,"href":"https:\/\/lavozpuntana.com\/index.php?rest_route=\/wp\/v2\/media\/12134"}],"wp:attachment":[{"href":"https:\/\/lavozpuntana.com\/index.php?rest_route=%2Fwp%2Fv2%2Fmedia&parent=12133"}],"wp:term":[{"taxonomy":"category","embeddable":true,"href":"https:\/\/lavozpuntana.com\/index.php?rest_route=%2Fwp%2Fv2%2Fcategories&post=12133"},{"taxonomy":"post_tag","embeddable":true,"href":"https:\/\/lavozpuntana.com\/index.php?rest_route=%2Fwp%2Fv2%2Ftags&post=12133"}],"curies":[{"name":"wp","href":"https:\/\/api.w.org\/{rel}","templated":true}]}}