{"id":12149,"date":"2024-03-07T12:55:04","date_gmt":"2024-03-07T15:55:04","guid":{"rendered":"https:\/\/lavozpuntana.com\/?p=12149"},"modified":"2024-03-07T12:55:05","modified_gmt":"2024-03-07T15:55:05","slug":"brindaran-capacitaciones-a-emprendedores-para-fomentar-el-comercio-electronico","status":"publish","type":"post","link":"https:\/\/lavozpuntana.com\/?p=12149","title":{"rendered":"BRINDAR\u00c1N CAPACITACIONES A EMPRENDEDORES PARA FOMENTAR EL COMERCIO ELECTR\u00d3NICO"},"content":{"rendered":"\n<figure class=\"wp-block-image size-large\"><img loading=\"lazy\" decoding=\"async\" width=\"1024\" height=\"682\" src=\"http:\/\/lavozpuntana.com\/wp-content\/uploads\/2024\/03\/TIN5815-1-1536x1023-1-1024x682.jpg\" alt=\"\" class=\"wp-image-12150\" srcset=\"https:\/\/lavozpuntana.com\/wp-content\/uploads\/2024\/03\/TIN5815-1-1536x1023-1-1024x682.jpg 1024w, https:\/\/lavozpuntana.com\/wp-content\/uploads\/2024\/03\/TIN5815-1-1536x1023-1-300x200.jpg 300w, https:\/\/lavozpuntana.com\/wp-content\/uploads\/2024\/03\/TIN5815-1-1536x1023-1-768x512.jpg 768w, https:\/\/lavozpuntana.com\/wp-content\/uploads\/2024\/03\/TIN5815-1-1536x1023-1.jpg 1536w\" sizes=\"auto, (max-width: 1024px) 100vw, 1024px\" \/><\/figure>\n\n\n\n<p><strong>El ciclo de talleres gratuitos se llama \u2018C\u00f3mo Potenciar tu Empresa\/Emprendimiento en Internet\u2019. Incluye tres encuentros, en los que brindar\u00e1n contenidos te\u00f3rico-pr\u00e1cticos sobre promoci\u00f3n, redes sociales y tiendas online. Se dictar\u00e1 en San Luis y Villa Mercedes en marzo. Arranca en esta \u00faltima ciudad, el 12 de marzo. La inscripci\u00f3n se realiza mediante un formulario.<\/strong><\/p>\n\n\n\n<p>Para fomentar el e-commerce (comercio electr\u00f3nico) en la provincia, el ministerio de Desarrollo Productivo ofrecer\u00e1 ciclos de capacitaci\u00f3n gratuitos para emprendedores, comerciantes, artesanos y peque\u00f1os productores de San Luis y Villa Mercedes. La idea es brindarles herramientas para potenciar sus ventas por internet.<\/p>\n\n\n\n<p>La propuesta de capacitaci\u00f3n incluye tres encuentros presenciales que contendr\u00e1n talleres te\u00f3rico-pr\u00e1cticos, con una duraci\u00f3n de dos horas y media reloj. El ciclo se desarrollar\u00e1 en marzo y, quienes completen la cursada, recibir\u00e1n certificados digitales.<\/p>\n\n\n\n<p>En Villa Mercedes, el taller se dictar\u00e1 martes 12, mi\u00e9rcoles 13 y jueves 14 de marzo de 14:30 a 17:00 en el Teatro de la UPrO, ubicado en 9 de Julio 1095. Y en San Luis capital, la capacitaci\u00f3n tambi\u00e9n ser\u00e1 en tres d\u00edas consecutivos: martes 19, mi\u00e9rcoles 20 y jueves 21 de marzo, de 15:30 a 18:00, en el Sal\u00f3n de la Puntanidad de Terrazas del Portezuelo.<\/p>\n\n\n\n<p>Las personas interesadas en realizar la capacitaci\u00f3n de Villa Mercedes deben inscribirse aqu\u00ed. Y quienes deseen hacer el ciclo de talleres en San Luis deben anotarse ac\u00e1. Seg\u00fan informaron los organizadores, en Villa Mercedes el cupo es de 200 personas y en la Capital, de 300.<\/p>\n\n\n\n<p>La pregunta \u2018\u00bfC\u00f3mo promocionar y vender m\u00e1s mis productos?\u2019 da nombre al primer taller, que ser\u00e1 dictado por Mar\u00eda Antonieta Gil Verg\u00e9s. Para obtener ventas no basta con brindar un buen producto o servicio. La promoci\u00f3n es una de las estrategias de marketing que ayuda a comunicar, promover creativamente un emprendimiento, captar clientes y as\u00ed aumentar las ventas. Cada una de las estrategias de promoci\u00f3n responde a objetivos especiales, por ello es importante aprender a implementarlas en los momentos oportunos, lo que ayuda al emprendedor a tomar buenas decisiones para conseguir m\u00e1s ventas.<\/p>\n\n\n\n<p>En este taller, los asistentes aprender\u00e1n a dise\u00f1ar y planificar una promoci\u00f3n, ver qu\u00e9 tipos de promociones pueden ser eficaces para su emprendimiento y cu\u00e1les no son convenientes.<\/p>\n\n\n\n<p>El segundo taller, \u2018Las Redes Sociales para tu emprendimiento\u2019, estar\u00e1 a cargo de Diego Guzm\u00e1n. Las redes sociales se han convertido en un medio imprescindible para los emprendedores, por su capacidad de potenciar negocios. Este taller tiene por objetivo brindar las herramientas necesarias para una exitosa gesti\u00f3n de las redes sociales.<\/p>\n\n\n\n<p>Los asistentes reflexionar\u00e1n sobre la importancia y tipos de plataformas de redes sociales, la comunicaci\u00f3n en los canales digitales, las buenas pr\u00e1cticas para el manejo del perfil de un negocio, la planificaci\u00f3n estrat\u00e9gica del marketing digital de contenidos y el emprendimiento en el comercio digital, como una nueva forma de vender.<\/p>\n\n\n\n<p>En tanto que el tercer taller, \u2018Aprender a usar las tiendas online\u2019, apunta a iniciar a los emprendedores en el uso de las principales plataformas de e-commerce, como Mercado Shop, Tienda Nube y Empretienda.<\/p>\n","protected":false},"excerpt":{"rendered":"<p>El ciclo de talleres gratuitos se llama \u2018C\u00f3mo Potenciar tu Empresa\/Emprendimiento en Internet\u2019. Incluye tres encuentros, en los que brindar\u00e1n contenidos te\u00f3rico-pr\u00e1cticos sobre promoci\u00f3n, redes sociales y tiendas online. Se dictar\u00e1 en San Luis y Villa Mercedes en marzo. Arranca en esta \u00faltima ciudad, el 12 de marzo. La inscripci\u00f3n se realiza mediante un formulario.<\/p>\n","protected":false},"author":4,"featured_media":12150,"comment_status":"closed","ping_status":"closed","sticky":false,"template":"","format":"standard","meta":{"footnotes":""},"categories":[4],"tags":[],"class_list":["post-12149","post","type-post","status-publish","format-standard","has-post-thumbnail","hentry","category-la-provincia"],"_links":{"self":[{"href":"https:\/\/lavozpuntana.com\/index.php?rest_route=\/wp\/v2\/posts\/12149","targetHints":{"allow":["GET"]}}],"collection":[{"href":"https:\/\/lavozpuntana.com\/index.php?rest_route=\/wp\/v2\/posts"}],"about":[{"href":"https:\/\/lavozpuntana.com\/index.php?rest_route=\/wp\/v2\/types\/post"}],"author":[{"embeddable":true,"href":"https:\/\/lavozpuntana.com\/index.php?rest_route=\/wp\/v2\/users\/4"}],"replies":[{"embeddable":true,"href":"https:\/\/lavozpuntana.com\/index.php?rest_route=%2Fwp%2Fv2%2Fcomments&post=12149"}],"version-history":[{"count":1,"href":"https:\/\/lavozpuntana.com\/index.php?rest_route=\/wp\/v2\/posts\/12149\/revisions"}],"predecessor-version":[{"id":12151,"href":"https:\/\/lavozpuntana.com\/index.php?rest_route=\/wp\/v2\/posts\/12149\/revisions\/12151"}],"wp:featuredmedia":[{"embeddable":true,"href":"https:\/\/lavozpuntana.com\/index.php?rest_route=\/wp\/v2\/media\/12150"}],"wp:attachment":[{"href":"https:\/\/lavozpuntana.com\/index.php?rest_route=%2Fwp%2Fv2%2Fmedia&parent=12149"}],"wp:term":[{"taxonomy":"category","embeddable":true,"href":"https:\/\/lavozpuntana.com\/index.php?rest_route=%2Fwp%2Fv2%2Fcategories&post=12149"},{"taxonomy":"post_tag","embeddable":true,"href":"https:\/\/lavozpuntana.com\/index.php?rest_route=%2Fwp%2Fv2%2Ftags&post=12149"}],"curies":[{"name":"wp","href":"https:\/\/api.w.org\/{rel}","templated":true}]}}