{"id":12161,"date":"2024-03-08T15:52:11","date_gmt":"2024-03-08T18:52:11","guid":{"rendered":"https:\/\/lavozpuntana.com\/?p=12161"},"modified":"2024-03-08T15:52:12","modified_gmt":"2024-03-08T18:52:12","slug":"el-gobierno-se-reunio-con-uta-y-representantes-de-empresas-de-transporte","status":"publish","type":"post","link":"https:\/\/lavozpuntana.com\/?p=12161","title":{"rendered":"EL GOBIERNO SE REUNI\u00d3 CON UTA Y REPRESENTANTES DE EMPRESAS DE TRANSPORTE"},"content":{"rendered":"\n<figure class=\"wp-block-image size-large\"><img loading=\"lazy\" decoding=\"async\" width=\"1024\" height=\"479\" src=\"http:\/\/lavozpuntana.com\/wp-content\/uploads\/2024\/03\/Foto-4-Ministerio-de-Gobierno-Reunion-por-Transporte-1024x479.jpeg\" alt=\"\" class=\"wp-image-12162\" srcset=\"https:\/\/lavozpuntana.com\/wp-content\/uploads\/2024\/03\/Foto-4-Ministerio-de-Gobierno-Reunion-por-Transporte-1024x479.jpeg 1024w, https:\/\/lavozpuntana.com\/wp-content\/uploads\/2024\/03\/Foto-4-Ministerio-de-Gobierno-Reunion-por-Transporte-300x140.jpeg 300w, https:\/\/lavozpuntana.com\/wp-content\/uploads\/2024\/03\/Foto-4-Ministerio-de-Gobierno-Reunion-por-Transporte-768x359.jpeg 768w, https:\/\/lavozpuntana.com\/wp-content\/uploads\/2024\/03\/Foto-4-Ministerio-de-Gobierno-Reunion-por-Transporte.jpeg 1521w\" sizes=\"auto, (max-width: 1024px) 100vw, 1024px\" \/><\/figure>\n\n\n\n<p><strong>El encuentro fue coordinado por el ministro de Gobierno, Facundo Endeiza, y tuvo como objetivo dialogar sobre la situaci\u00f3n del transporte automotor en el contexto actual y las medidas adoptadas por la Provincia para cuidar la fuente laboral de los trabajadores del sector y la econom\u00eda de los sanluise\u00f1os.<\/strong><\/p>\n\n\n\n<p>Hace 15 d\u00edas el gobernador Claudio Poggi anunci\u00f3 la decisi\u00f3n de cubrir con fondos de la Provincia la quita de subsidios al transporte que decidi\u00f3 la Naci\u00f3n. De no asumir el Gobierno provincial estos costos, la econom\u00eda de los sanluise\u00f1os se hubiera visto seriamente perjudicada al incrementarse siete veces m\u00e1s el costo del boleto, el sistema colapsar\u00eda y peligrar\u00edan las fuentes de trabajo de cientos de personas. En cuanto al boleto estudiantil gratuito que rige en los municipios de San Luis, Villa Mercedes y Merlo, el Gobernador indic\u00f3 que la Provincia tambi\u00e9n se har\u00e1 cargo del costo.<\/p>\n\n\n\n<p>En la reuni\u00f3n, los sindicalistas de la Uni\u00f3n Tranviarios Automotor (UTA) y los empresarios manifestaron sus necesidades e indicaron que se encuentran en una situaci\u00f3n complicada en lo econ\u00f3mico. Aunque reconocieron que \u201csin el aporte del Gobierno provincial la crisis del sector ser\u00eda catastr\u00f3fica\u201d. Coincidieron adem\u00e1s en la necesidad de aportar cada uno desde su lugar para encontrar los caminos que nos acerquen a posibles soluciones.<\/p>\n\n\n\n<p>\u201cCon di\u00e1logo sincero, mucho esfuerzo y voluntad de todas las partes las soluciones van apareciendo. Desde el Gobierno provincial estamos convencidos que \u00e9ste es el camino que nos lleva a un mejor San Luis\u201d, expres\u00f3 el ministro de Gobierno, Facundo Endeiza, una vez finalizado el encuentro.<\/p>\n\n\n\n<p>Estuvieron en el despacho de Endeiza el secretario de la Uni\u00f3n Tranviarios Automotor (UTA), Iv\u00e1n Pi\u00f1eyro; el secretario adjunto, Carlos Rivas y el secretario gremial, Lucio Orozco; la presidenta de Transpuntano, Fabiana Malamud y el delegado Daniel Rosales. Tambi\u00e9n participaron Miguel Baldoni, due\u00f1o de la empresa Panamericana y Guillermo Sosa, de Sol Bus. Por el Gobierno provincial acompa\u00f1aron al Ministro, el director de Relaciones Laborales, Alberto Lindow; la subdirectora de Relaciones Laborales 1\u00b0 Circunscripci\u00f3n, Ivana Balmaceda; la directora de Transporte, Roc\u00edo Leyes.<\/p>\n","protected":false},"excerpt":{"rendered":"<p>El encuentro fue coordinado por el ministro de Gobierno, Facundo Endeiza, y tuvo como objetivo dialogar sobre la situaci\u00f3n del transporte automotor en el contexto actual y las medidas adoptadas por la Provincia para cuidar la fuente laboral de los trabajadores del sector y la econom\u00eda de los sanluise\u00f1os.<\/p>\n","protected":false},"author":4,"featured_media":12162,"comment_status":"closed","ping_status":"closed","sticky":false,"template":"","format":"standard","meta":{"footnotes":""},"categories":[4],"tags":[],"class_list":["post-12161","post","type-post","status-publish","format-standard","has-post-thumbnail","hentry","category-la-provincia"],"_links":{"self":[{"href":"https:\/\/lavozpuntana.com\/index.php?rest_route=\/wp\/v2\/posts\/12161","targetHints":{"allow":["GET"]}}],"collection":[{"href":"https:\/\/lavozpuntana.com\/index.php?rest_route=\/wp\/v2\/posts"}],"about":[{"href":"https:\/\/lavozpuntana.com\/index.php?rest_route=\/wp\/v2\/types\/post"}],"author":[{"embeddable":true,"href":"https:\/\/lavozpuntana.com\/index.php?rest_route=\/wp\/v2\/users\/4"}],"replies":[{"embeddable":true,"href":"https:\/\/lavozpuntana.com\/index.php?rest_route=%2Fwp%2Fv2%2Fcomments&post=12161"}],"version-history":[{"count":1,"href":"https:\/\/lavozpuntana.com\/index.php?rest_route=\/wp\/v2\/posts\/12161\/revisions"}],"predecessor-version":[{"id":12163,"href":"https:\/\/lavozpuntana.com\/index.php?rest_route=\/wp\/v2\/posts\/12161\/revisions\/12163"}],"wp:featuredmedia":[{"embeddable":true,"href":"https:\/\/lavozpuntana.com\/index.php?rest_route=\/wp\/v2\/media\/12162"}],"wp:attachment":[{"href":"https:\/\/lavozpuntana.com\/index.php?rest_route=%2Fwp%2Fv2%2Fmedia&parent=12161"}],"wp:term":[{"taxonomy":"category","embeddable":true,"href":"https:\/\/lavozpuntana.com\/index.php?rest_route=%2Fwp%2Fv2%2Fcategories&post=12161"},{"taxonomy":"post_tag","embeddable":true,"href":"https:\/\/lavozpuntana.com\/index.php?rest_route=%2Fwp%2Fv2%2Ftags&post=12161"}],"curies":[{"name":"wp","href":"https:\/\/api.w.org\/{rel}","templated":true}]}}