{"id":12164,"date":"2024-03-08T16:00:59","date_gmt":"2024-03-08T19:00:59","guid":{"rendered":"https:\/\/lavozpuntana.com\/?p=12164"},"modified":"2024-03-08T16:01:00","modified_gmt":"2024-03-08T19:01:00","slug":"intendentes-de-tres-localidades-desistieron-del-planteo-judicial-por-el-tratado-de-la-toma","status":"publish","type":"post","link":"https:\/\/lavozpuntana.com\/?p=12164","title":{"rendered":"INTENDENTES DE TRES LOCALIDADES DESISTIERON DEL PLANTEO JUDICIAL POR EL \u2018TRATADO DE LA TOMA\u2019"},"content":{"rendered":"\n<figure class=\"wp-block-image size-large\"><img loading=\"lazy\" decoding=\"async\" width=\"1024\" height=\"768\" src=\"http:\/\/lavozpuntana.com\/wp-content\/uploads\/2024\/03\/Foto-5-Ministerio-de-Gobierno-Intendentes-desisten-del-Acuerdo-de-La-Toma-1536x1152-1-1024x768.jpeg\" alt=\"\" class=\"wp-image-12165\" srcset=\"https:\/\/lavozpuntana.com\/wp-content\/uploads\/2024\/03\/Foto-5-Ministerio-de-Gobierno-Intendentes-desisten-del-Acuerdo-de-La-Toma-1536x1152-1-1024x768.jpeg 1024w, https:\/\/lavozpuntana.com\/wp-content\/uploads\/2024\/03\/Foto-5-Ministerio-de-Gobierno-Intendentes-desisten-del-Acuerdo-de-La-Toma-1536x1152-1-300x225.jpeg 300w, https:\/\/lavozpuntana.com\/wp-content\/uploads\/2024\/03\/Foto-5-Ministerio-de-Gobierno-Intendentes-desisten-del-Acuerdo-de-La-Toma-1536x1152-1-768x576.jpeg 768w, https:\/\/lavozpuntana.com\/wp-content\/uploads\/2024\/03\/Foto-5-Ministerio-de-Gobierno-Intendentes-desisten-del-Acuerdo-de-La-Toma-1536x1152-1-720x540.jpeg 720w, https:\/\/lavozpuntana.com\/wp-content\/uploads\/2024\/03\/Foto-5-Ministerio-de-Gobierno-Intendentes-desisten-del-Acuerdo-de-La-Toma-1536x1152-1.jpeg 1536w\" sizes=\"auto, (max-width: 1024px) 100vw, 1024px\" \/><\/figure>\n\n\n\n<p><strong>Se trata de los intendentes de Buena Esperanza, de Juan Jorba y Bagual, quienes en una decisi\u00f3n de madurez pol\u00edtica abandonaron el planteo judicial. \u201cEsto es un gran logro y avance en nuestra relaci\u00f3n con los municipios. Estamos demostrando que, a trav\u00e9s del di\u00e1logo y la b\u00fasqueda de consensos, podemos superar las diferencias y abrir nuevas etapas en el trabajo conjunto que se ver\u00e1 reflejado en mayor calidad de vida para todos los vecinos\u201d, dijo el ministro de Gobierno, Facundo Endeiza.<\/strong><\/p>\n\n\n\n<p>La decisi\u00f3n fue confirmada por los propios ediles en una reuni\u00f3n que mantuvieron en la ma\u00f1ana del jueves en presencia del ministro de Gobierno y el director de Asuntos Municipales, Gonzalo Amondara\u00edn.<\/p>\n\n\n\n<p>En la oportunidad, la intendenta de Buena Esperanza, Sof\u00eda Larroud\u00e9; el intendente de Juan Jorba, Richard Basconcello y el intendente de Bagual, Marcelo Ulloa, le informaron al ministro que han desistido del planteo judicial, dejando abierta una puerta al di\u00e1logo con el Gobierno provincial.<\/p>\n\n\n\n<p>El titular de la cartera de Gobierno remarc\u00f3 adem\u00e1s que: \u201cLas puertas y los canales de di\u00e1logo est\u00e1n abiertos de manera permanente, vamos a seguir trabajando en \u00e9ste sentido, vamos a continuar en la b\u00fasqueda de consensos, pensando siempre en la grandeza de San Luis y el bienestar de todos sus ciudadanos\u201d, cerr\u00f3 Endeiza.<\/p>\n","protected":false},"excerpt":{"rendered":"<p>Se trata de los intendentes de Buena Esperanza, de Juan Jorba y Bagual, quienes en una decisi\u00f3n de madurez pol\u00edtica abandonaron el planteo judicial. \u201cEsto es un gran logro y avance en nuestra relaci\u00f3n con los municipios. Estamos demostrando que, a trav\u00e9s del di\u00e1logo y la b\u00fasqueda de consensos, podemos superar las diferencias y abrir nuevas etapas en el trabajo conjunto que se ver\u00e1 reflejado en mayor calidad de vida para todos los vecinos\u201d, dijo el ministro de Gobierno, Facundo Endeiza.<\/p>\n","protected":false},"author":4,"featured_media":12165,"comment_status":"closed","ping_status":"closed","sticky":false,"template":"","format":"standard","meta":{"footnotes":""},"categories":[4],"tags":[],"class_list":["post-12164","post","type-post","status-publish","format-standard","has-post-thumbnail","hentry","category-la-provincia"],"_links":{"self":[{"href":"https:\/\/lavozpuntana.com\/index.php?rest_route=\/wp\/v2\/posts\/12164","targetHints":{"allow":["GET"]}}],"collection":[{"href":"https:\/\/lavozpuntana.com\/index.php?rest_route=\/wp\/v2\/posts"}],"about":[{"href":"https:\/\/lavozpuntana.com\/index.php?rest_route=\/wp\/v2\/types\/post"}],"author":[{"embeddable":true,"href":"https:\/\/lavozpuntana.com\/index.php?rest_route=\/wp\/v2\/users\/4"}],"replies":[{"embeddable":true,"href":"https:\/\/lavozpuntana.com\/index.php?rest_route=%2Fwp%2Fv2%2Fcomments&post=12164"}],"version-history":[{"count":1,"href":"https:\/\/lavozpuntana.com\/index.php?rest_route=\/wp\/v2\/posts\/12164\/revisions"}],"predecessor-version":[{"id":12166,"href":"https:\/\/lavozpuntana.com\/index.php?rest_route=\/wp\/v2\/posts\/12164\/revisions\/12166"}],"wp:featuredmedia":[{"embeddable":true,"href":"https:\/\/lavozpuntana.com\/index.php?rest_route=\/wp\/v2\/media\/12165"}],"wp:attachment":[{"href":"https:\/\/lavozpuntana.com\/index.php?rest_route=%2Fwp%2Fv2%2Fmedia&parent=12164"}],"wp:term":[{"taxonomy":"category","embeddable":true,"href":"https:\/\/lavozpuntana.com\/index.php?rest_route=%2Fwp%2Fv2%2Fcategories&post=12164"},{"taxonomy":"post_tag","embeddable":true,"href":"https:\/\/lavozpuntana.com\/index.php?rest_route=%2Fwp%2Fv2%2Ftags&post=12164"}],"curies":[{"name":"wp","href":"https:\/\/api.w.org\/{rel}","templated":true}]}}