{"id":12171,"date":"2024-03-11T17:06:32","date_gmt":"2024-03-11T20:06:32","guid":{"rendered":"https:\/\/lavozpuntana.com\/?p=12171"},"modified":"2024-03-11T17:06:33","modified_gmt":"2024-03-11T20:06:33","slug":"la-escuela-de-la-policia-comenzo-el-ciclo-lectivo-2024","status":"publish","type":"post","link":"https:\/\/lavozpuntana.com\/?p=12171","title":{"rendered":"LA ESCUELA DE LA POLIC\u00cdA COMENZ\u00d3 EL CICLO LECTIVO 2024"},"content":{"rendered":"\n<figure class=\"wp-block-image size-large\"><img loading=\"lazy\" decoding=\"async\" width=\"1024\" height=\"682\" src=\"http:\/\/lavozpuntana.com\/wp-content\/uploads\/2024\/03\/WhatsApp-Image-2024-03-11-at-10.01.01-1-1536x1023-1-1024x682.jpeg\" alt=\"\" class=\"wp-image-12172\" srcset=\"https:\/\/lavozpuntana.com\/wp-content\/uploads\/2024\/03\/WhatsApp-Image-2024-03-11-at-10.01.01-1-1536x1023-1-1024x682.jpeg 1024w, https:\/\/lavozpuntana.com\/wp-content\/uploads\/2024\/03\/WhatsApp-Image-2024-03-11-at-10.01.01-1-1536x1023-1-300x200.jpeg 300w, https:\/\/lavozpuntana.com\/wp-content\/uploads\/2024\/03\/WhatsApp-Image-2024-03-11-at-10.01.01-1-1536x1023-1-768x512.jpeg 768w, https:\/\/lavozpuntana.com\/wp-content\/uploads\/2024\/03\/WhatsApp-Image-2024-03-11-at-10.01.01-1-1536x1023-1.jpeg 1536w\" sizes=\"auto, (max-width: 1024px) 100vw, 1024px\" \/><\/figure>\n\n\n\n<p><strong>El Instituto Superior de Seguridad P\u00fablica (ISSP) dio inicio a las clases con la presencia del gobernador, Claudio Poggi. Fue en un acto organizado en el predio de Juana Koslay, cuyo edificio fue dejado en estado de abandono por la gesti\u00f3n anterior. \u201cVamos a recuperar la formaci\u00f3n para que puedan cumplir bien su funci\u00f3n\u201d, dijo Nancy Sosa, la ministra de Seguridad. Van a entregar una beca que se llamar\u00e1 Incentivo al Estudio.<\/strong><\/p>\n\n\n\n<p>El Instituto Superior de Seguridad P\u00fablica (ISSP), donde se forman los futuros polic\u00edas de San Luis, dio comienzo a las clases del ciclo lectivo 2024 con la presencia del gobernador, Claudio Poggi, y la ministra de Seguridad, Nancy Sosa, quien viene batallando para poner al menos en condiciones m\u00ednimas de habitabilidad el edificio, que hab\u00eda sido pr\u00e1cticamente abandonado por la gesti\u00f3n anterior.<\/p>\n\n\n\n<p>\u201cEn este acto estamos presentando no solo el inicio del ciclo electivo para todo el personal de cadetes, tambi\u00e9n el plan anual de entrenamiento para todo el personal de la fuerza de seguridad, tanto Polic\u00eda como Penitenciar\u00eda\u201d, dijo Sosa en su discurso ante 126 cadetes, de los cuales 30 pertenecen a la Penitenciar\u00eda y 96 a la Polic\u00eda. \u201cNosotros nos encontramos con el edificio muy abandonado, en p\u00e9simas condiciones. Incluso hay obras que son de mayor envergadura que no hemos podido abordar, como las cloacas, la electricidad, el agua. Entre las expectativas, la principal es poder recuperar la formaci\u00f3n para que puedan cumplir su funci\u00f3n en el futuro; y despu\u00e9s ir poniendo de a poco en condiciones el edificio. Tengamos en cuenta que hoy por hoy, operativamente, el edificio est\u00e1 funcionando en un 40%\u201d, revel\u00f3, para cerrar hablando de las capacitaciones: \u201cVamos a reentrenar al personal en las diferentes funciones espec\u00edficas que est\u00e1 cumpliendo, desde atenci\u00f3n a la comunidad hasta el cuidado y mantenimiento de los patrulleros, como as\u00ed tambi\u00e9n lo que tiene que ver con el entrenamiento con armas, tanto en el pol\u00edgono virtual como en sesiones de tiro real\u201d.<\/p>\n\n\n\n<p>Finalmente, dirigi\u00e9ndose a los cadetes, les dijo que \u201cdebemos escuchar a los ciudadanos que eligieron un cambio, hartos de los atropellos, de la utilizaci\u00f3n del miedo disciplinador, de vivir encerrados mientras los delincuentes est\u00e1n sueltos. Hartos de ver c\u00f3mo se robaban el Estado. Es enorme el desaf\u00edo. Y de igual manera ese hartazgo se tiene que convertir en un trabajo colaborativo, denunciando y exigiendo a la Justicia que haga justicia, que lo robado sea devuelto. El acto de construir la prevenci\u00f3n y la seguridad p\u00fablica no puede ocurrir sin el aporte y el compromiso de todos los poderes del Estado, de las instituciones intermedias, de los municipios\u201d.<\/p>\n\n\n\n<p>A su turno, Gerardo Vel\u00e1zquez, director del ISSP, reconoci\u00f3 que el arranque de un nuevo a\u00f1o \u201cser\u00e1 para todos y cada uno de nosotros un verdadero reto, un desaf\u00edo. Vamos a formar polic\u00edas y penitenciarios competentes, id\u00f3neos y comprometidos con su deber. Si no alcanzan las competencias requeridas reglamentariamente, no podr\u00e1n lograr sus objetivos propuestos\u201d.<\/p>\n\n\n\n<p>En la formaci\u00f3n hab\u00eda j\u00f3venes que hab\u00edan llegado de diferentes rincones de la provincia: Justo Daract, Villa Mercedes, Fraga, Quines, Fortuna, La Punta y El Trapiche, entre otros. \u201cDon Bosco nos ense\u00f1aba que no hay j\u00f3venes malos, solo que hay j\u00f3venes que a veces no saben que pueden ser buenos y mejores. Nuestros cadetes ser\u00e1n buenos y ser\u00e1n mejores\u201d, propuso Vel\u00e1zquez.<\/p>\n\n\n\n<p>\u201cClaramente nosotros, los polic\u00edas y penitenciarios, tenemos legados, tenemos huellas que deber\u00edamos rescatar, volver a las fuentes que nos dieron identidad, raz\u00f3n de ser y de existir. Como instituci\u00f3n, el respeto, la disciplina, la honestidad, la transparencia, ser polic\u00eda y ser penitenciario, hay un sentido de pertenencia. De los malos actos de algunos, se tendr\u00e1 que ocupar la Justicia con el rigor que corresponde\u201d, apunt\u00f3 el director.<\/p>\n\n\n\n<p>Este a\u00f1o, el ISSP, por resoluci\u00f3n de la rector\u00eda, trabajar\u00e1 durante todo el a\u00f1o para el reconocimiento perpetuo de la gesta de Malvinas. \u201cVamos a revalorizar el ejemplo de coraje y de entrega de los veteranos, a concientizar y visibilizar la ratificaci\u00f3n de la legitimidad e imprescriptibilidad de la soberan\u00eda reclamada por el pueblo argentino sobre los territorios como parte integrante de nuestro territorio\u201d, cerr\u00f3 Vel\u00e1zquez.<\/p>\n\n\n\n<p>Fuente: Agencia de Noticias.<\/p>\n","protected":false},"excerpt":{"rendered":"<p>El Instituto Superior de Seguridad P\u00fablica (ISSP) dio inicio a las clases con la presencia del gobernador, Claudio Poggi. Fue en un acto organizado en el predio de Juana Koslay, cuyo edificio fue dejado en estado de abandono por la gesti\u00f3n anterior. \u201cVamos a recuperar la formaci\u00f3n para que puedan cumplir bien su funci\u00f3n\u201d, dijo Nancy Sosa, la ministra de Seguridad. Van a entregar una beca que se llamar\u00e1 Incentivo al Estudio.<\/p>\n","protected":false},"author":4,"featured_media":12172,"comment_status":"closed","ping_status":"closed","sticky":false,"template":"","format":"standard","meta":{"footnotes":""},"categories":[4],"tags":[],"class_list":["post-12171","post","type-post","status-publish","format-standard","has-post-thumbnail","hentry","category-la-provincia"],"_links":{"self":[{"href":"https:\/\/lavozpuntana.com\/index.php?rest_route=\/wp\/v2\/posts\/12171","targetHints":{"allow":["GET"]}}],"collection":[{"href":"https:\/\/lavozpuntana.com\/index.php?rest_route=\/wp\/v2\/posts"}],"about":[{"href":"https:\/\/lavozpuntana.com\/index.php?rest_route=\/wp\/v2\/types\/post"}],"author":[{"embeddable":true,"href":"https:\/\/lavozpuntana.com\/index.php?rest_route=\/wp\/v2\/users\/4"}],"replies":[{"embeddable":true,"href":"https:\/\/lavozpuntana.com\/index.php?rest_route=%2Fwp%2Fv2%2Fcomments&post=12171"}],"version-history":[{"count":1,"href":"https:\/\/lavozpuntana.com\/index.php?rest_route=\/wp\/v2\/posts\/12171\/revisions"}],"predecessor-version":[{"id":12173,"href":"https:\/\/lavozpuntana.com\/index.php?rest_route=\/wp\/v2\/posts\/12171\/revisions\/12173"}],"wp:featuredmedia":[{"embeddable":true,"href":"https:\/\/lavozpuntana.com\/index.php?rest_route=\/wp\/v2\/media\/12172"}],"wp:attachment":[{"href":"https:\/\/lavozpuntana.com\/index.php?rest_route=%2Fwp%2Fv2%2Fmedia&parent=12171"}],"wp:term":[{"taxonomy":"category","embeddable":true,"href":"https:\/\/lavozpuntana.com\/index.php?rest_route=%2Fwp%2Fv2%2Fcategories&post=12171"},{"taxonomy":"post_tag","embeddable":true,"href":"https:\/\/lavozpuntana.com\/index.php?rest_route=%2Fwp%2Fv2%2Ftags&post=12171"}],"curies":[{"name":"wp","href":"https:\/\/api.w.org\/{rel}","templated":true}]}}