{"id":12177,"date":"2024-03-11T17:13:47","date_gmt":"2024-03-11T20:13:47","guid":{"rendered":"https:\/\/lavozpuntana.com\/?p=12177"},"modified":"2024-03-11T17:13:49","modified_gmt":"2024-03-11T20:13:49","slug":"laboratorios-puntanos-intensifica-la-produccion-de-repelentes-para-combatir-el-dengue","status":"publish","type":"post","link":"https:\/\/lavozpuntana.com\/?p=12177","title":{"rendered":"LABORATORIOS PUNTANOS INTENSIFICA LA PRODUCCI\u00d3N DE REPELENTES PARA COMBATIR EL DENGUE"},"content":{"rendered":"\n<figure class=\"wp-block-image size-large\"><img loading=\"lazy\" decoding=\"async\" width=\"1024\" height=\"678\" src=\"http:\/\/lavozpuntana.com\/wp-content\/uploads\/2024\/03\/dengue-1-1-1024x678.jpg\" alt=\"\" class=\"wp-image-12178\" srcset=\"https:\/\/lavozpuntana.com\/wp-content\/uploads\/2024\/03\/dengue-1-1-1024x678.jpg 1024w, https:\/\/lavozpuntana.com\/wp-content\/uploads\/2024\/03\/dengue-1-1-300x199.jpg 300w, https:\/\/lavozpuntana.com\/wp-content\/uploads\/2024\/03\/dengue-1-1-768x508.jpg 768w, https:\/\/lavozpuntana.com\/wp-content\/uploads\/2024\/03\/dengue-1-1.jpg 1280w\" sizes=\"auto, (max-width: 1024px) 100vw, 1024px\" \/><\/figure>\n\n\n\n<p><strong>En respuesta al reciente aumento de casos aut\u00f3ctonos de dengue en la provincia, el Ministerio de Salud est\u00e1 redoblando esfuerzos para proteger a la poblaci\u00f3n y prevenir la propagaci\u00f3n del mosquito.<\/strong><\/p>\n\n\n\n<p>El Ministerio de Salud, a trav\u00e9s de Laboratorios Puntanos, trabaja para incrementar la producci\u00f3n de repelentes contra mosquitos, una medida esencial en la lucha contra el dengue.<\/p>\n\n\n\n<p>El pr\u00f3ximo 15 de marzo se realizar\u00e1 una nueva entrega de este producto, consistente en crema fluida de 200 ml con la f\u00f3rmula de Deep (N N dietil meta toluamida), en dos concentraciones adaptadas tanto para ni\u00f1os como para adultos. Adem\u00e1s, se espera la llegada al laboratorio de nueva materia prima el 12 de marzo para fabricar otro tipo de repelente a base de citronela, que a diferencia del anterior est\u00e1 disponible en una sola concentraci\u00f3n para toda la familia.<\/p>\n\n\n\n<p>Actualmente el Ministerio de Salud tiene stock de repelentes que est\u00e1n siendo distribuidos de acuerdo con los criterios sanitarios establecidos por la direcci\u00f3n de Epidemiolog\u00eda y Bioestad\u00edstica, priorizando a las familias de personas infectadas y a sus vecinos, asegurando as\u00ed una respuesta efectiva.<\/p>\n\n\n\n<p>El dengue es una enfermedad viral transmitida por la picadura del mosquito Aedes aegypti. Cuando el mosquito se alimenta con sangre de una persona enferma de dengue y luego pica a otras personas les transmite esta enfermedad. El contagio se produce por la picadura de los mosquitos infectados, nunca de una persona a otra ni a trav\u00e9s de objetos o de la leche materna.<\/p>\n\n\n\n<p>S\u00edntomas<\/p>\n\n\n\n<p>El principal s\u00edntoma del dengue es la fiebre, acompa\u00f1ada por dolor detr\u00e1s de los ojos, dolor de cabeza, dolor muscular y de articulaciones, n\u00e1useas y v\u00f3mitos, cansancio intenso, aparici\u00f3n de manchas en la piel y picaz\u00f3n o sangrado de nariz y enc\u00edas. Es muy importante no automedicarse y acudir al centro de salud m\u00e1s cercano para recibir las indicaciones m\u00e9dicas correctas.<\/p>\n\n\n\n<p>Prevenci\u00f3n<\/p>\n\n\n\n<p>La fumigaci\u00f3n no es una medida para prevenir el dengue, ya que s\u00f3lo mata al mosquito adulto y no a los huevos y larvas. Por eso debemos cuidar principalmente nuestros hogares eliminando recipientes en desuso que puedan acumular agua, vaciando las piletas de lona con agua que no se recicla, manteniendo siempre el patio limpio y desmalezado, y limpiando canaletas y desag\u00fces de lluvia de los techos.<\/p>\n\n\n\n<p>Adem\u00e1s, para evitar las picaduras, es importante utilizar repelentes ambientales, ropa clara que cubra los brazos y las piernas (principalmente al realizar actividades al aire libre) y colocar tela mosquitera en puertas, ventanas, coches y cunas de beb\u00e9s.<\/p>\n\n\n\n<p>Estas acciones, junto con el trabajo coordinado entre el Gobierno y la comunidad, son fundamentales para evitar picaduras y la proliferaci\u00f3n del mosquito.<\/p>\n","protected":false},"excerpt":{"rendered":"<p>En respuesta al reciente aumento de casos aut\u00f3ctonos de dengue en la provincia, el Ministerio de Salud est\u00e1 redoblando esfuerzos para proteger a la poblaci\u00f3n y prevenir la propagaci\u00f3n del mosquito.<\/p>\n","protected":false},"author":4,"featured_media":12178,"comment_status":"closed","ping_status":"closed","sticky":false,"template":"","format":"standard","meta":{"footnotes":""},"categories":[4],"tags":[],"class_list":["post-12177","post","type-post","status-publish","format-standard","has-post-thumbnail","hentry","category-la-provincia"],"_links":{"self":[{"href":"https:\/\/lavozpuntana.com\/index.php?rest_route=\/wp\/v2\/posts\/12177","targetHints":{"allow":["GET"]}}],"collection":[{"href":"https:\/\/lavozpuntana.com\/index.php?rest_route=\/wp\/v2\/posts"}],"about":[{"href":"https:\/\/lavozpuntana.com\/index.php?rest_route=\/wp\/v2\/types\/post"}],"author":[{"embeddable":true,"href":"https:\/\/lavozpuntana.com\/index.php?rest_route=\/wp\/v2\/users\/4"}],"replies":[{"embeddable":true,"href":"https:\/\/lavozpuntana.com\/index.php?rest_route=%2Fwp%2Fv2%2Fcomments&post=12177"}],"version-history":[{"count":1,"href":"https:\/\/lavozpuntana.com\/index.php?rest_route=\/wp\/v2\/posts\/12177\/revisions"}],"predecessor-version":[{"id":12179,"href":"https:\/\/lavozpuntana.com\/index.php?rest_route=\/wp\/v2\/posts\/12177\/revisions\/12179"}],"wp:featuredmedia":[{"embeddable":true,"href":"https:\/\/lavozpuntana.com\/index.php?rest_route=\/wp\/v2\/media\/12178"}],"wp:attachment":[{"href":"https:\/\/lavozpuntana.com\/index.php?rest_route=%2Fwp%2Fv2%2Fmedia&parent=12177"}],"wp:term":[{"taxonomy":"category","embeddable":true,"href":"https:\/\/lavozpuntana.com\/index.php?rest_route=%2Fwp%2Fv2%2Fcategories&post=12177"},{"taxonomy":"post_tag","embeddable":true,"href":"https:\/\/lavozpuntana.com\/index.php?rest_route=%2Fwp%2Fv2%2Ftags&post=12177"}],"curies":[{"name":"wp","href":"https:\/\/api.w.org\/{rel}","templated":true}]}}