{"id":12188,"date":"2024-03-12T15:38:15","date_gmt":"2024-03-12T18:38:15","guid":{"rendered":"https:\/\/lavozpuntana.com\/?p=12188"},"modified":"2024-03-12T15:38:16","modified_gmt":"2024-03-12T18:38:16","slug":"coordinan-medidas-para-proteger-a-las-personas-mayores-de-estafas-virtuales","status":"publish","type":"post","link":"https:\/\/lavozpuntana.com\/?p=12188","title":{"rendered":"COORDINAN MEDIDAS PARA PROTEGER A LAS PERSONAS MAYORES DE ESTAFAS VIRTUALES"},"content":{"rendered":"\n<figure class=\"wp-block-image size-large\"><img loading=\"lazy\" decoding=\"async\" width=\"1024\" height=\"682\" src=\"http:\/\/lavozpuntana.com\/wp-content\/uploads\/2024\/03\/reunion-por-estafas-1536x1023-1-1024x682.jpeg\" alt=\"\" class=\"wp-image-12189\" srcset=\"https:\/\/lavozpuntana.com\/wp-content\/uploads\/2024\/03\/reunion-por-estafas-1536x1023-1-1024x682.jpeg 1024w, https:\/\/lavozpuntana.com\/wp-content\/uploads\/2024\/03\/reunion-por-estafas-1536x1023-1-300x200.jpeg 300w, https:\/\/lavozpuntana.com\/wp-content\/uploads\/2024\/03\/reunion-por-estafas-1536x1023-1-768x512.jpeg 768w, https:\/\/lavozpuntana.com\/wp-content\/uploads\/2024\/03\/reunion-por-estafas-1536x1023-1.jpeg 1536w\" sizes=\"auto, (max-width: 1024px) 100vw, 1024px\" \/><\/figure>\n\n\n\n<p><strong>Los equipos de la direcci\u00f3n de Personas Mayores del ministerio de Desarrollo Humano, conjuntamente con sus pares de la municipalidad de San Luis, la defensor\u00eda General de la Provincia y personal del Banco Naci\u00f3n, se reunieron para unificar medidas que protejan a los adultos mayores de los delitos cibern\u00e9ticos que los tienen como v\u00edctimas principales.<\/strong><\/p>\n\n\n\n<p>\u201cCoincidimos en la necesidad de armar un protocolo con los pasos que corresponden a cada tr\u00e1mite, tanto presencial como virtual, para poder guiar de esa manera a nuestros mayores que son una de las poblaciones m\u00e1s vulnerables y m\u00e1s expuestas a las estafas virtuales\u201d, sintetiz\u00f3 sobre el encuentro la subdirectora de Personas Mayores, Sonia Correa.<\/p>\n\n\n\n<p>Participaron el defensor General de la Provincia, Gast\u00f3n Pascuarelli; en representaci\u00f3n del Banco Naci\u00f3n, Esteban Giannini y Pablo Arabel y la jefa de \u00e1rea de Adultos Mayores de la Municipalidad, Pilar Meli\u00e1n.<\/p>\n","protected":false},"excerpt":{"rendered":"<p>Los equipos de la direcci\u00f3n de Personas Mayores del ministerio de Desarrollo Humano, conjuntamente con sus pares de la municipalidad de San Luis, la defensor\u00eda General de la Provincia y personal del Banco Naci\u00f3n, se reunieron para unificar medidas que protejan a los adultos mayores de los delitos cibern\u00e9ticos que los tienen como v\u00edctimas principales.<\/p>\n","protected":false},"author":4,"featured_media":12189,"comment_status":"closed","ping_status":"closed","sticky":false,"template":"","format":"standard","meta":{"footnotes":""},"categories":[4],"tags":[],"class_list":["post-12188","post","type-post","status-publish","format-standard","has-post-thumbnail","hentry","category-la-provincia"],"_links":{"self":[{"href":"https:\/\/lavozpuntana.com\/index.php?rest_route=\/wp\/v2\/posts\/12188","targetHints":{"allow":["GET"]}}],"collection":[{"href":"https:\/\/lavozpuntana.com\/index.php?rest_route=\/wp\/v2\/posts"}],"about":[{"href":"https:\/\/lavozpuntana.com\/index.php?rest_route=\/wp\/v2\/types\/post"}],"author":[{"embeddable":true,"href":"https:\/\/lavozpuntana.com\/index.php?rest_route=\/wp\/v2\/users\/4"}],"replies":[{"embeddable":true,"href":"https:\/\/lavozpuntana.com\/index.php?rest_route=%2Fwp%2Fv2%2Fcomments&post=12188"}],"version-history":[{"count":1,"href":"https:\/\/lavozpuntana.com\/index.php?rest_route=\/wp\/v2\/posts\/12188\/revisions"}],"predecessor-version":[{"id":12190,"href":"https:\/\/lavozpuntana.com\/index.php?rest_route=\/wp\/v2\/posts\/12188\/revisions\/12190"}],"wp:featuredmedia":[{"embeddable":true,"href":"https:\/\/lavozpuntana.com\/index.php?rest_route=\/wp\/v2\/media\/12189"}],"wp:attachment":[{"href":"https:\/\/lavozpuntana.com\/index.php?rest_route=%2Fwp%2Fv2%2Fmedia&parent=12188"}],"wp:term":[{"taxonomy":"category","embeddable":true,"href":"https:\/\/lavozpuntana.com\/index.php?rest_route=%2Fwp%2Fv2%2Fcategories&post=12188"},{"taxonomy":"post_tag","embeddable":true,"href":"https:\/\/lavozpuntana.com\/index.php?rest_route=%2Fwp%2Fv2%2Ftags&post=12188"}],"curies":[{"name":"wp","href":"https:\/\/api.w.org\/{rel}","templated":true}]}}