{"id":12198,"date":"2024-03-12T15:50:50","date_gmt":"2024-03-12T18:50:50","guid":{"rendered":"https:\/\/lavozpuntana.com\/?p=12198"},"modified":"2024-03-12T15:50:52","modified_gmt":"2024-03-12T18:50:52","slug":"otro-muerto-en-rosario-habia-sido-baleado-la-semana-pasada","status":"publish","type":"post","link":"https:\/\/lavozpuntana.com\/?p=12198","title":{"rendered":"OTRO MUERTO EN ROSARIO: HAB\u00cdA SIDO BALEADO LA SEMANA PASADA"},"content":{"rendered":"\n<figure class=\"wp-block-image size-large\"><img loading=\"lazy\" decoding=\"async\" width=\"1024\" height=\"575\" src=\"http:\/\/lavozpuntana.com\/wp-content\/uploads\/2024\/03\/HCKY7CUJ4VEBDAGJEBFZR4PREU-1024x575.jpg\" alt=\"\" class=\"wp-image-12199\" srcset=\"https:\/\/lavozpuntana.com\/wp-content\/uploads\/2024\/03\/HCKY7CUJ4VEBDAGJEBFZR4PREU-1024x575.jpg 1024w, https:\/\/lavozpuntana.com\/wp-content\/uploads\/2024\/03\/HCKY7CUJ4VEBDAGJEBFZR4PREU-300x169.jpg 300w, https:\/\/lavozpuntana.com\/wp-content\/uploads\/2024\/03\/HCKY7CUJ4VEBDAGJEBFZR4PREU-768x432.jpg 768w, https:\/\/lavozpuntana.com\/wp-content\/uploads\/2024\/03\/HCKY7CUJ4VEBDAGJEBFZR4PREU-1536x863.jpg 1536w, https:\/\/lavozpuntana.com\/wp-content\/uploads\/2024\/03\/HCKY7CUJ4VEBDAGJEBFZR4PREU-800x450.jpg 800w, https:\/\/lavozpuntana.com\/wp-content\/uploads\/2024\/03\/HCKY7CUJ4VEBDAGJEBFZR4PREU.jpg 1920w\" sizes=\"auto, (max-width: 1024px) 100vw, 1024px\" \/><\/figure>\n\n\n\n<p><strong>Se convirti\u00f3 en la sexta v\u00edctima asesinada en marzo. Un joven de 22 a\u00f1os muri\u00f3 hoy en la ciudad de Rosario tras permanecer internado desde el pasado 5 de marzo, luego de ser baleado en su casa.<\/strong><\/p>\n\n\n\n<p>El joven, identificado como Mario Ezequiel Marini, estaba internado en grave estado en el Hospital de Emergencias Clemente \u00c1lvarez (Heca) tras ser atacado a balazos en la vivienda ubicada en Corrientes al 3100.<\/p>\n\n\n\n<p>Seg\u00fan la causa, a cargo de la Fiscal\u00eda de Homicidios Dolosos, el ataque ocurri\u00f3 dentro de la vivienda de la v\u00edctima, a muy corta distancia, y a\u00fan no estaba claro el m\u00f3vil.<\/p>\n\n\n\n<p>El ataque a balazos contra Marini ocurri\u00f3 el martes de la semana pasada aproximadamente a las 19, y seg\u00fan inform\u00f3 el Ministerio P\u00fablico de la Acusaci\u00f3n (MPA), cuando el m\u00f3vil policial lleg\u00f3 al lugar la v\u00edctima ya hab\u00eda sido trasladada al Heca en un veh\u00edculo particular.<\/p>\n\n\n\n<p>Al centro de salud, el joven ingres\u00f3 con el diagn\u00f3stico de herida de arma de fuego en el abdomen<\/p>\n\n\n\n<p>Este martes y tras confirmarse la muerte del joven, el MPA anticip\u00f3 que las investigaciones de los homicidios de los \u00faltimos d\u00edas se redistribuir\u00e1n entre los fiscales que conforman la Unidad de Homicidios Dolosos.<\/p>\n\n\n\n<p>Marini se convirti\u00f3 este martes en la sexta persona asesinada en marzo, en la zona de influencia de Rosario.<\/p>\n","protected":false},"excerpt":{"rendered":"<p>Se convirti\u00f3 en la sexta v\u00edctima asesinada en marzo. Un joven de 22 a\u00f1os muri\u00f3 hoy en la ciudad de Rosario tras permanecer internado desde el pasado 5 de marzo, luego de ser baleado en su casa.<\/p>\n","protected":false},"author":4,"featured_media":12199,"comment_status":"closed","ping_status":"closed","sticky":false,"template":"","format":"standard","meta":{"footnotes":""},"categories":[5],"tags":[],"class_list":["post-12198","post","type-post","status-publish","format-standard","has-post-thumbnail","hentry","category-el-pais"],"_links":{"self":[{"href":"https:\/\/lavozpuntana.com\/index.php?rest_route=\/wp\/v2\/posts\/12198","targetHints":{"allow":["GET"]}}],"collection":[{"href":"https:\/\/lavozpuntana.com\/index.php?rest_route=\/wp\/v2\/posts"}],"about":[{"href":"https:\/\/lavozpuntana.com\/index.php?rest_route=\/wp\/v2\/types\/post"}],"author":[{"embeddable":true,"href":"https:\/\/lavozpuntana.com\/index.php?rest_route=\/wp\/v2\/users\/4"}],"replies":[{"embeddable":true,"href":"https:\/\/lavozpuntana.com\/index.php?rest_route=%2Fwp%2Fv2%2Fcomments&post=12198"}],"version-history":[{"count":1,"href":"https:\/\/lavozpuntana.com\/index.php?rest_route=\/wp\/v2\/posts\/12198\/revisions"}],"predecessor-version":[{"id":12200,"href":"https:\/\/lavozpuntana.com\/index.php?rest_route=\/wp\/v2\/posts\/12198\/revisions\/12200"}],"wp:featuredmedia":[{"embeddable":true,"href":"https:\/\/lavozpuntana.com\/index.php?rest_route=\/wp\/v2\/media\/12199"}],"wp:attachment":[{"href":"https:\/\/lavozpuntana.com\/index.php?rest_route=%2Fwp%2Fv2%2Fmedia&parent=12198"}],"wp:term":[{"taxonomy":"category","embeddable":true,"href":"https:\/\/lavozpuntana.com\/index.php?rest_route=%2Fwp%2Fv2%2Fcategories&post=12198"},{"taxonomy":"post_tag","embeddable":true,"href":"https:\/\/lavozpuntana.com\/index.php?rest_route=%2Fwp%2Fv2%2Ftags&post=12198"}],"curies":[{"name":"wp","href":"https:\/\/api.w.org\/{rel}","templated":true}]}}