{"id":12291,"date":"2024-03-18T16:25:00","date_gmt":"2024-03-18T19:25:00","guid":{"rendered":"https:\/\/lavozpuntana.com\/?p=12291"},"modified":"2024-03-18T16:25:02","modified_gmt":"2024-03-18T19:25:02","slug":"san-martin-fue-anfitriona-de-la-6-jornada-para-el-desarrollo-productivo-y-de-servicios-del-sector-privado","status":"publish","type":"post","link":"https:\/\/lavozpuntana.com\/?p=12291","title":{"rendered":"SAN MART\u00cdN FUE ANFITRIONA DE LA 6\u00b0 JORNADA PARA EL DESARROLLO PRODUCTIVO Y DE SERVICIOS DEL SECTOR PRIVADO"},"content":{"rendered":"\n<figure class=\"wp-block-image size-large\"><img loading=\"lazy\" decoding=\"async\" width=\"1024\" height=\"683\" src=\"http:\/\/lavozpuntana.com\/wp-content\/uploads\/2024\/03\/WhatsApp-Image-2024-03-16-at-11.06.54-1536x1024-1-1024x683.jpeg\" alt=\"\" class=\"wp-image-12292\" srcset=\"https:\/\/lavozpuntana.com\/wp-content\/uploads\/2024\/03\/WhatsApp-Image-2024-03-16-at-11.06.54-1536x1024-1-1024x683.jpeg 1024w, https:\/\/lavozpuntana.com\/wp-content\/uploads\/2024\/03\/WhatsApp-Image-2024-03-16-at-11.06.54-1536x1024-1-300x200.jpeg 300w, https:\/\/lavozpuntana.com\/wp-content\/uploads\/2024\/03\/WhatsApp-Image-2024-03-16-at-11.06.54-1536x1024-1-768x512.jpeg 768w, https:\/\/lavozpuntana.com\/wp-content\/uploads\/2024\/03\/WhatsApp-Image-2024-03-16-at-11.06.54-1536x1024-1.jpeg 1536w\" sizes=\"auto, (max-width: 1024px) 100vw, 1024px\" \/><\/figure>\n\n\n\n<p><strong>El gobernador, Claudio Poggi, presidi\u00f3 una nueva jornada, esta vez en el Norte Serrano, siempre con la premisa de fortalecer las redes entre el Gobierno provincial y el sector privado, \u201cpara que se generen puestos de trabajo, se restablezca la paz social, se reconstruya el tejido social y la familia y se recupere la institucionalidad\u201d, dijo.<\/strong><\/p>\n\n\n\n<p>El encuentro se realiz\u00f3 este s\u00e1bado desde las 8:30 hasta pasadas las 14:00 en la sede de la UPrO, ubicada en 9 de Julio y Elminio Tosi, con una amplia participaci\u00f3n.<\/p>\n\n\n\n<p>Esta es la sexta jornada de siete que fueron programadas en el Consejo Productivo Provincial. En cada lugar, el Gobernador se interioriza y escucha de primera mano los diferentes desaf\u00edos a los que se enfrentan los productores para as\u00ed poder dar respuesta con la generaci\u00f3n de pol\u00edticas p\u00fablicas puntuales y eficaces, con impacto directo en las econom\u00edas regionales.<\/p>\n\n\n\n<p>Poggi agradeci\u00f3 la presencia de los intendentes de la zona y de la localidad anfitriona, Enzo Mir\u00e1bile, \u201cles agradezco por este acompa\u00f1amiento, de esto se trata este camino que emprendemos para recuperar la paz social y la familia\u201d.<\/p>\n\n\n\n<p>El primer mandatario comparti\u00f3 la mesa de \u201cProducci\u00f3n Familiar\u201d con diferentes actores de la cadena. Estuvo acompa\u00f1ado por el ministro de Desarrollo Productivo, Federico Trombotto; su par de Turismo y Cultura, Juan Manuel Rigau; de Ambiente y Desarrollo Sustentable, Federico Cacace y dem\u00e1s autoridades.<\/p>\n\n\n\n<p>Estos foros cuentan con capacitaciones, Expo y la posibilidad de establecer el contacto directo con emprendimientos, empresas y pymes, para vincular al Gobierno Provincial con el sector privado \u2013el nuevo generador de empleo en San Luis, seg\u00fan dijo el gobernador\u2013 y a las empresas y emprendimientos entre s\u00ed.<\/p>\n\n\n\n<p>\u201cTenemos que volver a poblar el norte serrano, el turismo debemos potenciarlo, codo a codo el sector p\u00fablico con el privado, el valor agregado sobre los recursos naturales, la agroindustria y la miner\u00eda, el desarrollo de la industria del conocimiento y las comunicaciones, tenemos que lograr que nuestros j\u00f3venes trabajen desde sus casas para el mundo; el desarrollo log\u00edstico, del comercio y servicios y la sustentabilidad de las pol\u00edticas, eso significa que esto no se agote y que siga en el tiempo\u201d, les dijo Poggi y los inst\u00f3 a fortalecer los puntos fuertes de la cada zona.<\/p>\n\n\n\n<p>Adem\u00e1s de los representantes del sector productivo de San Mart\u00edn, asistieron de Cerros Largos, El Trapiche, Guanaco Pampa, La Carolina, La Florida, La Toma, Las Vertientes, Las Aguadas, Las Chacras, Las Lagunas, Pampa del Tamboreo, Paso Grande, Potrerillo, Puerta Colorada, Quebrada de San Vicente, R\u00edo Grande, Riocito, Saladillo, San Isidro, San Mart\u00edn y Villa de Praga.<\/p>\n\n\n\n<p>En la primera parte del evento se realizaron cuatro capacitaciones, tres de ellas son transversales, es decir, se desarrollan en todos los encuentros. Una es \u2018C\u00f3mo mejorar las ganancias de mi negocio\u2019, a cargo del equipo del ministerio de Desarrollo Productivo. Otra es \u2018T\u00e9cnicas de Negociaci\u00f3n\u2019, que realizar\u00e1 la misma cartera. El taller sobre \u2018Turismo y Desarrollo Regional\u2019 es ofrecido por el ministerio de Turismo y Cultura. Y la cuarta capacitaci\u00f3n, una propuesta particular para esta jornada, denominada \u2018Cateos y otras concesiones mineras\u2019 tambi\u00e9n ser\u00e1 brindada por Desarrollo Productivo.<\/p>\n\n\n\n<p>Tambi\u00e9n hubo mesas sectoriales por cada rubro de la actividad econ\u00f3mica y luego se llev\u00f3 adelante la mesa regional, en la que cada actor acerc\u00f3 sus propuestas al Gobernador. Fue el momento para plantear problemas u obst\u00e1culos a sortear y tambi\u00e9n las oportunidades productivas que ofrece la regi\u00f3n.<\/p>\n\n\n\n<p>Como en cada foro, estuvo la \u2018Expo de productos y servicios\u2019, abierta a todos los referentes del sector privado, en la que cada uno pudo presentar su negocio a pares y a otros actores presentes. Tambi\u00e9n feria gastron\u00f3mica regional, muy concurrida durante el mediod\u00eda, ya que ofreci\u00f3 la posibilidad de degustar platos locales.<\/p>\n\n\n\n<p>Entre los stand estaba el de Patricia Sombra de La Vertiente con su emprendimiento \u2018Rinc\u00f3n de Luz\u2019, ella se dedica a la producci\u00f3n de artesan\u00edas con plantas, \u201ces la primera vez que vengo y lo veo como una maravillosa posibilidad de mostrar y vender lo que hacemos\u201d.<\/p>\n\n\n\n<p>El primero de los stand en el ingreso, a la izquierda, era el de Alejandra Ojeda de \u201cAilim Artesan\u00edas\u201d, ella es profesora de Pintura y Dibujo, \u201cintervengo art\u00edsticamente madera y yeso, soy de San Mart\u00edn y estos espacios para nosotros son de suma importancia para expandirnos y crecer\u201d.<\/p>\n","protected":false},"excerpt":{"rendered":"<p>El gobernador, Claudio Poggi, presidi\u00f3 una nueva jornada, esta vez en el Norte Serrano, siempre con la premisa de fortalecer las redes entre el Gobierno provincial y el sector privado, \u201cpara que se generen puestos de trabajo, se restablezca la paz social, se reconstruya el tejido social y la familia y se recupere la institucionalidad\u201d, dijo.<\/p>\n","protected":false},"author":4,"featured_media":12292,"comment_status":"closed","ping_status":"closed","sticky":false,"template":"","format":"standard","meta":{"footnotes":""},"categories":[4],"tags":[],"class_list":["post-12291","post","type-post","status-publish","format-standard","has-post-thumbnail","hentry","category-la-provincia"],"_links":{"self":[{"href":"https:\/\/lavozpuntana.com\/index.php?rest_route=\/wp\/v2\/posts\/12291","targetHints":{"allow":["GET"]}}],"collection":[{"href":"https:\/\/lavozpuntana.com\/index.php?rest_route=\/wp\/v2\/posts"}],"about":[{"href":"https:\/\/lavozpuntana.com\/index.php?rest_route=\/wp\/v2\/types\/post"}],"author":[{"embeddable":true,"href":"https:\/\/lavozpuntana.com\/index.php?rest_route=\/wp\/v2\/users\/4"}],"replies":[{"embeddable":true,"href":"https:\/\/lavozpuntana.com\/index.php?rest_route=%2Fwp%2Fv2%2Fcomments&post=12291"}],"version-history":[{"count":1,"href":"https:\/\/lavozpuntana.com\/index.php?rest_route=\/wp\/v2\/posts\/12291\/revisions"}],"predecessor-version":[{"id":12293,"href":"https:\/\/lavozpuntana.com\/index.php?rest_route=\/wp\/v2\/posts\/12291\/revisions\/12293"}],"wp:featuredmedia":[{"embeddable":true,"href":"https:\/\/lavozpuntana.com\/index.php?rest_route=\/wp\/v2\/media\/12292"}],"wp:attachment":[{"href":"https:\/\/lavozpuntana.com\/index.php?rest_route=%2Fwp%2Fv2%2Fmedia&parent=12291"}],"wp:term":[{"taxonomy":"category","embeddable":true,"href":"https:\/\/lavozpuntana.com\/index.php?rest_route=%2Fwp%2Fv2%2Fcategories&post=12291"},{"taxonomy":"post_tag","embeddable":true,"href":"https:\/\/lavozpuntana.com\/index.php?rest_route=%2Fwp%2Fv2%2Ftags&post=12291"}],"curies":[{"name":"wp","href":"https:\/\/api.w.org\/{rel}","templated":true}]}}